{"id":35147,"date":"2025-04-16T16:45:14","date_gmt":"2025-04-16T20:45:14","guid":{"rendered":"https:\/\/www.muniancud.cl\/portal\/?p=35147"},"modified":"2025-04-16T16:45:14","modified_gmt":"2025-04-16T20:45:14","slug":"conservacion-cruce-ruta-5-el-quilar","status":"publish","type":"post","link":"https:\/\/www.muniancud.cl\/portal\/conservacion-cruce-ruta-5-el-quilar\/","title":{"rendered":"Conservaci\u00f3n cruce ruta 5 el Quilar"},"content":{"rendered":"<p>Buenas noticias para los vecinos del Quilar-Lecam puesto que se dio luz verde al segundo llamado para la obra \u201ccamino b\u00e1sico por conservaci\u00f3n de Cruce ruta 5 el Quilar, Doca, Rol W-145, KM 4.000 al KM 11,187 en la Comuna de Ancud.<\/p>\n<p>Esta iniciativa se concretar\u00e1 por parte de la empresa Arimaq Ancud SPA por un monto total que asciende a la suma de $ 2.562.439.597. (Dos mil quinientos sesenta y dos millones cuatrocientos treinta y nueve mil quinientos noventa y siete pesos) IVA incluido, catalogada como \u201cObra Mayor\u201d.<\/p>\n<p>\u201cFelicitar el trabajo de sus dirigentes y vecinos por su solidaridad, tenacidad y mucha paciencia. Junto a nuestras comunidades, autoridades locales y nacionales seguiremos trabajando en planificar prioridades y acciones paras concretar mejoramientos de caminos y la posible concreci\u00f3n de otros proyectos de asfaltos muy anhelados y necesarios\u201d, sentenci\u00f3 Andr\u00e9s Ojeda Alcalde Ancud.<\/p>\n<p>&nbsp;<\/p>\n","protected":false},"excerpt":{"rendered":"<p>Buenas noticias para los vecinos del Quilar-Lecam puesto que se dio luz verde al segundo llamado para la obra \u201ccamino b\u00e1sico por conservaci\u00f3n de Cruce ruta 5 el Quilar, Doca, Rol W-145, KM 4.000 al KM 11,187 en la Comuna de Ancud. Esta iniciativa se concretar\u00e1 por parte de la empresa Arimaq Ancud SPA por [&hellip;]<\/p>\n","protected":false},"author":11,"featured_media":35148,"comment_status":"closed","ping_status":"closed","sticky":false,"template":"","format":"standard","meta":{"footnotes":""},"categories":[4],"tags":[],"class_list":["post-35147","post","type-post","status-publish","format-standard","has-post-thumbnail","hentry","category-sala-de-prensa"],"_links":{"self":[{"href":"https:\/\/www.muniancud.cl\/portal\/wp-json\/wp\/v2\/posts\/35147","targetHints":{"allow":["GET"]}}],"collection":[{"href":"https:\/\/www.muniancud.cl\/portal\/wp-json\/wp\/v2\/posts"}],"about":[{"href":"https:\/\/www.muniancud.cl\/portal\/wp-json\/wp\/v2\/types\/post"}],"author":[{"embeddable":true,"href":"https:\/\/www.muniancud.cl\/portal\/wp-json\/wp\/v2\/users\/11"}],"replies":[{"embeddable":true,"href":"https:\/\/www.muniancud.cl\/portal\/wp-json\/wp\/v2\/comments?post=35147"}],"version-history":[{"count":1,"href":"https:\/\/www.muniancud.cl\/portal\/wp-json\/wp\/v2\/posts\/35147\/revisions"}],"predecessor-version":[{"id":35149,"href":"https:\/\/www.muniancud.cl\/portal\/wp-json\/wp\/v2\/posts\/35147\/revisions\/35149"}],"wp:featuredmedia":[{"embeddable":true,"href":"https:\/\/www.muniancud.cl\/portal\/wp-json\/wp\/v2\/media\/35148"}],"wp:attachment":[{"href":"https:\/\/www.muniancud.cl\/portal\/wp-json\/wp\/v2\/media?parent=35147"}],"wp:term":[{"taxonomy":"category","embeddable":true,"href":"https:\/\/www.muniancud.cl\/portal\/wp-json\/wp\/v2\/categories?post=35147"},{"taxonomy":"post_tag","embeddable":true,"href":"https:\/\/www.muniancud.cl\/portal\/wp-json\/wp\/v2\/tags?post=35147"}],"curies":[{"name":"wp","href":"https:\/\/api.w.org\/{rel}","templated":true}]}}