{"id":35157,"date":"2025-04-21T12:34:18","date_gmt":"2025-04-21T16:34:18","guid":{"rendered":"https:\/\/www.muniancud.cl\/portal\/?p=35157"},"modified":"2025-04-21T12:34:18","modified_gmt":"2025-04-21T16:34:18","slug":"mesa-de-trabajo-apr-ancud","status":"publish","type":"post","link":"https:\/\/www.muniancud.cl\/portal\/mesa-de-trabajo-apr-ancud\/","title":{"rendered":"Mesa de trabajo APR Ancud"},"content":{"rendered":"<p>Con una excelente convocatoria se llev\u00f3 a cabo la primera mesa de trabajo 2025 del Agua Potable Rural (APR) con dirigentes de la Comuna de Ancud, cuyo objetivo permiti\u00f3 realizar un diagn\u00f3stico de la real situaci\u00f3n de las organizaciones y establecer un plan de trabajo en los principales requerimientos.<br \/>\nTodo lo anterior con el apoyo de la Superintendencia de Servicios Sanitarios y la Direcci\u00f3n de Obras Hidr\u00e1ulicas (DOH).<\/p>\n<p>Jaime Hern\u00e1ndez Tesorero del Comit\u00e9 Caulin-Lacumbre destac\u00f3 la importancia de estos encuentros que les permite seguir avanzando, \u201ces bueno seguir por este camino para que se nos sigan abriendo puertas y hacer las cosas mejor\u201d, apunt\u00f3.<\/p>\n<p>Flor Burgos perteneciente a la comunidad Guab\u00fan del APR Pupetan los Chonos dijo, \u201cfue una reuni\u00f3n importante para conocer los APR de la comuna. Es el comienzo y espero que m\u00e1s adelante las autoridades se sigan preocupando en reunir a la gente\u201d, acot\u00f3.<\/p>\n<p>Johana Nancuante presidenta del APR Quetalmahue sostuvo que no hab\u00eda asistido a una reuni\u00f3n de estas caracter\u00edsticas.<br \/>\n\u201cEncuentro que es una muy buena oportunidad para que nosotros los APR demos a conocer lo que son nuestras falencias y las quejas que tenemos del organismo en s\u00ed\u201d, sentenci\u00f3.<\/p>\n<p><img loading=\"lazy\" decoding=\"async\" class=\"alignnone size-full wp-image-35159\" src=\"https:\/\/www.muniancud.cl\/portal\/wp-content\/uploads\/2025\/04\/1.jpeg\" alt=\"\" width=\"1280\" height=\"720\" srcset=\"https:\/\/www.muniancud.cl\/portal\/wp-content\/uploads\/2025\/04\/1.jpeg 1280w, https:\/\/www.muniancud.cl\/portal\/wp-content\/uploads\/2025\/04\/1-300x169.jpeg 300w, https:\/\/www.muniancud.cl\/portal\/wp-content\/uploads\/2025\/04\/1-1024x576.jpeg 1024w, https:\/\/www.muniancud.cl\/portal\/wp-content\/uploads\/2025\/04\/1-768x432.jpeg 768w, https:\/\/www.muniancud.cl\/portal\/wp-content\/uploads\/2025\/04\/1-696x392.jpeg 696w, https:\/\/www.muniancud.cl\/portal\/wp-content\/uploads\/2025\/04\/1-1068x601.jpeg 1068w, https:\/\/www.muniancud.cl\/portal\/wp-content\/uploads\/2025\/04\/1-747x420.jpeg 747w\" sizes=\"auto, (max-width: 1280px) 100vw, 1280px\" \/><\/p>\n<p>&nbsp;<\/p>\n","protected":false},"excerpt":{"rendered":"<p>Con una excelente convocatoria se llev\u00f3 a cabo la primera mesa de trabajo 2025 del Agua Potable Rural (APR) con dirigentes de la Comuna de Ancud, cuyo objetivo permiti\u00f3 realizar un diagn\u00f3stico de la real situaci\u00f3n de las organizaciones y establecer un plan de trabajo en los principales requerimientos. Todo lo anterior con el apoyo [&hellip;]<\/p>\n","protected":false},"author":11,"featured_media":35158,"comment_status":"closed","ping_status":"closed","sticky":false,"template":"","format":"standard","meta":{"footnotes":""},"categories":[34,4],"tags":[],"class_list":["post-35157","post","type-post","status-publish","format-standard","has-post-thumbnail","hentry","category-ditufop","category-sala-de-prensa"],"_links":{"self":[{"href":"https:\/\/www.muniancud.cl\/portal\/wp-json\/wp\/v2\/posts\/35157","targetHints":{"allow":["GET"]}}],"collection":[{"href":"https:\/\/www.muniancud.cl\/portal\/wp-json\/wp\/v2\/posts"}],"about":[{"href":"https:\/\/www.muniancud.cl\/portal\/wp-json\/wp\/v2\/types\/post"}],"author":[{"embeddable":true,"href":"https:\/\/www.muniancud.cl\/portal\/wp-json\/wp\/v2\/users\/11"}],"replies":[{"embeddable":true,"href":"https:\/\/www.muniancud.cl\/portal\/wp-json\/wp\/v2\/comments?post=35157"}],"version-history":[{"count":1,"href":"https:\/\/www.muniancud.cl\/portal\/wp-json\/wp\/v2\/posts\/35157\/revisions"}],"predecessor-version":[{"id":35160,"href":"https:\/\/www.muniancud.cl\/portal\/wp-json\/wp\/v2\/posts\/35157\/revisions\/35160"}],"wp:featuredmedia":[{"embeddable":true,"href":"https:\/\/www.muniancud.cl\/portal\/wp-json\/wp\/v2\/media\/35158"}],"wp:attachment":[{"href":"https:\/\/www.muniancud.cl\/portal\/wp-json\/wp\/v2\/media?parent=35157"}],"wp:term":[{"taxonomy":"category","embeddable":true,"href":"https:\/\/www.muniancud.cl\/portal\/wp-json\/wp\/v2\/categories?post=35157"},{"taxonomy":"post_tag","embeddable":true,"href":"https:\/\/www.muniancud.cl\/portal\/wp-json\/wp\/v2\/tags?post=35157"}],"curies":[{"name":"wp","href":"https:\/\/api.w.org\/{rel}","templated":true}]}}