{"id":35168,"date":"2025-04-22T12:42:19","date_gmt":"2025-04-22T16:42:19","guid":{"rendered":"https:\/\/www.muniancud.cl\/portal\/?p=35168"},"modified":"2025-04-22T12:45:44","modified_gmt":"2025-04-22T16:45:44","slug":"35168-2","status":"publish","type":"post","link":"https:\/\/www.muniancud.cl\/portal\/35168-2\/","title":{"rendered":"Trabajan para evitar inundaciones en Ancud"},"content":{"rendered":"<p>Las intensas lluvias de las \u00faltimas horas en la zona ya traen sus primeras consecuencias con algunas inundaciones en poblaciones, es as\u00ed que durante esta ma\u00f1ana le alcalde Andr\u00e9s Ojeda junto a su equipo se traslad\u00f3 hasta el sector F\u00e1tima para conocer in situ la problem\u00e1tica de algunos vecinos.<\/p>\n<p>El objetivo es que a la brevedad se pueda dar soluci\u00f3n a algunos lugares que se ven afectados con inundaciones y as\u00ed no tener mayores problemas.<\/p>\n<p>\u201cCuando entramos en \u00e9poca de lluvia quedan al descubierto sectores que reiterativamente sufren de inundaciones, generalmente por falta de mantenci\u00f3n y limpieza. Hoy, estuvimos en F\u00e1tima\u201d, indic\u00f3 el edil.<\/p>\n<p>Sentenciando que, \u201cseguiremos recorriendo y realizando los ajustes para ir erradicando estas problem\u00e1ticas\u201d.<\/p>\n<p>Se hace un llamado a los vecinos tomar las medidas de precauciones necesarias para evitar esta problem\u00e1tica.<img loading=\"lazy\" decoding=\"async\" class=\"alignnone size-full wp-image-35170\" src=\"https:\/\/www.muniancud.cl\/portal\/wp-content\/uploads\/2025\/04\/491353857_10237256424733310_7137656083292995812_n.jpg\" alt=\"\" width=\"2048\" height=\"1536\" srcset=\"https:\/\/www.muniancud.cl\/portal\/wp-content\/uploads\/2025\/04\/491353857_10237256424733310_7137656083292995812_n.jpg 2048w, https:\/\/www.muniancud.cl\/portal\/wp-content\/uploads\/2025\/04\/491353857_10237256424733310_7137656083292995812_n-300x225.jpg 300w, https:\/\/www.muniancud.cl\/portal\/wp-content\/uploads\/2025\/04\/491353857_10237256424733310_7137656083292995812_n-1024x768.jpg 1024w, https:\/\/www.muniancud.cl\/portal\/wp-content\/uploads\/2025\/04\/491353857_10237256424733310_7137656083292995812_n-768x576.jpg 768w, https:\/\/www.muniancud.cl\/portal\/wp-content\/uploads\/2025\/04\/491353857_10237256424733310_7137656083292995812_n-1536x1152.jpg 1536w, https:\/\/www.muniancud.cl\/portal\/wp-content\/uploads\/2025\/04\/491353857_10237256424733310_7137656083292995812_n-80x60.jpg 80w, https:\/\/www.muniancud.cl\/portal\/wp-content\/uploads\/2025\/04\/491353857_10237256424733310_7137656083292995812_n-265x198.jpg 265w, https:\/\/www.muniancud.cl\/portal\/wp-content\/uploads\/2025\/04\/491353857_10237256424733310_7137656083292995812_n-696x522.jpg 696w, https:\/\/www.muniancud.cl\/portal\/wp-content\/uploads\/2025\/04\/491353857_10237256424733310_7137656083292995812_n-1068x801.jpg 1068w, https:\/\/www.muniancud.cl\/portal\/wp-content\/uploads\/2025\/04\/491353857_10237256424733310_7137656083292995812_n-560x420.jpg 560w, https:\/\/www.muniancud.cl\/portal\/wp-content\/uploads\/2025\/04\/491353857_10237256424733310_7137656083292995812_n-1920x1440.jpg 1920w\" sizes=\"auto, (max-width: 2048px) 100vw, 2048px\" \/><\/p>\n<p>&nbsp;<\/p>\n<p>&nbsp;<\/p>\n","protected":false},"excerpt":{"rendered":"<p>Las intensas lluvias de las \u00faltimas horas en la zona ya traen sus primeras consecuencias con algunas inundaciones en poblaciones, es as\u00ed que durante esta ma\u00f1ana le alcalde Andr\u00e9s Ojeda junto a su equipo se traslad\u00f3 hasta el sector F\u00e1tima para conocer in situ la problem\u00e1tica de algunos vecinos. El objetivo es que a la [&hellip;]<\/p>\n","protected":false},"author":11,"featured_media":35169,"comment_status":"closed","ping_status":"closed","sticky":false,"template":"","format":"standard","meta":{"footnotes":""},"categories":[30,4],"tags":[],"class_list":["post-35168","post","type-post","status-publish","format-standard","has-post-thumbnail","hentry","category-operaciones","category-sala-de-prensa"],"_links":{"self":[{"href":"https:\/\/www.muniancud.cl\/portal\/wp-json\/wp\/v2\/posts\/35168","targetHints":{"allow":["GET"]}}],"collection":[{"href":"https:\/\/www.muniancud.cl\/portal\/wp-json\/wp\/v2\/posts"}],"about":[{"href":"https:\/\/www.muniancud.cl\/portal\/wp-json\/wp\/v2\/types\/post"}],"author":[{"embeddable":true,"href":"https:\/\/www.muniancud.cl\/portal\/wp-json\/wp\/v2\/users\/11"}],"replies":[{"embeddable":true,"href":"https:\/\/www.muniancud.cl\/portal\/wp-json\/wp\/v2\/comments?post=35168"}],"version-history":[{"count":2,"href":"https:\/\/www.muniancud.cl\/portal\/wp-json\/wp\/v2\/posts\/35168\/revisions"}],"predecessor-version":[{"id":35172,"href":"https:\/\/www.muniancud.cl\/portal\/wp-json\/wp\/v2\/posts\/35168\/revisions\/35172"}],"wp:featuredmedia":[{"embeddable":true,"href":"https:\/\/www.muniancud.cl\/portal\/wp-json\/wp\/v2\/media\/35169"}],"wp:attachment":[{"href":"https:\/\/www.muniancud.cl\/portal\/wp-json\/wp\/v2\/media?parent=35168"}],"wp:term":[{"taxonomy":"category","embeddable":true,"href":"https:\/\/www.muniancud.cl\/portal\/wp-json\/wp\/v2\/categories?post=35168"},{"taxonomy":"post_tag","embeddable":true,"href":"https:\/\/www.muniancud.cl\/portal\/wp-json\/wp\/v2\/tags?post=35168"}],"curies":[{"name":"wp","href":"https:\/\/api.w.org\/{rel}","templated":true}]}}