{"id":35262,"date":"2025-05-08T10:57:01","date_gmt":"2025-05-08T14:57:01","guid":{"rendered":"https:\/\/www.muniancud.cl\/portal\/?p=35262"},"modified":"2025-05-08T10:57:01","modified_gmt":"2025-05-08T14:57:01","slug":"detallan-avances-caminos-peninsula-lacuy","status":"publish","type":"post","link":"https:\/\/www.muniancud.cl\/portal\/detallan-avances-caminos-peninsula-lacuy\/","title":{"rendered":"Detallan avances caminos Pen\u00ednsula Lacuy"},"content":{"rendered":"<p>Dirigentes representantes de caminos de la Pen\u00ednsula de Lacuy en la Comuna de Ancud desarrollaron un encuentro con el Director Regional de Vialidad Los Lagos Jorge Loncomilla, el Alcalde de Ancud Andr\u00e9s Ojeda, Concejal Fernando Ojeda, Jefe Gabinete Alex Mu\u00f1oz para informar los avances de los diversos proyectos en el sector.<\/p>\n<p>Seg\u00fan se detall\u00f3 a la comunidad, el camino Nal-Yuste- Ahui est\u00e1 adjudicado y el Ministerio de Obras P\u00fablicas a trav\u00e9s de Vialidad ya hizo entrega de terreno a la empresa encargada para ejecutar el asfalto.<\/p>\n<p>El camino circunvalaci\u00f3n Guab\u00fan, que son 10 kil\u00f3metros, se trabajar\u00e1 su admisibilidad y se espera estar licitando antes de fin de a\u00f1o.<\/p>\n<p>La ruta Cotcotue-Las Huachas comenz\u00f3 su preparaci\u00f3n para ensanche y recargue, para que el pr\u00f3ximo a\u00f1o ingrese al proceso de licitaci\u00f3n para asfalto, siendo los m\u00e1s probables en dos tramos.<\/p>\n<p>Quilo-Mar Brava est\u00e1 en proceso de ensanche y recargue para que el pr\u00f3ximo a\u00f1o tambi\u00e9n pueda entrar a licitaci\u00f3n de asfalto.<\/p>\n<p>El Puente Quilo se encuentra en estos momentos con un contrato de trabajo de arqueolog\u00eda y se espera que en los pr\u00f3ximos meses se inicie la licitaci\u00f3n para la construcci\u00f3n del viaducto. Una obra que tendr\u00e1 una inversi\u00f3n sobre los 12 mil millones de pesos.<\/p>\n<p>\u201cComo dirigente de la Pen\u00ednsula contento por un lado porque se est\u00e1 avanzando, pero recalco que en este Bicentenario la Comuna de Ancud que tiene m\u00e1s patrimonio, m\u00e1s lugares hist\u00f3ricos, se le d\u00e9 la importancia que se merece\u201d, sentenci\u00f3 Miguel \u00c1ngel Brul\u00e9.<\/p>\n<p>Por su parte el Alcalde de Ancud Andr\u00e9s Ojeda sostuvo, \u201cnuestro objetivo es que en nuestro periodo administrativo avancemos considerablemente en Asfalto y mejoramientos de caminos en los distintos territorios de Ancud\u201d.<img loading=\"lazy\" decoding=\"async\" class=\"alignnone size-full wp-image-35264\" src=\"https:\/\/www.muniancud.cl\/portal\/wp-content\/uploads\/2025\/05\/IMG_20250507_172817-scaled.jpg\" alt=\"\" width=\"2560\" height=\"1920\" srcset=\"https:\/\/www.muniancud.cl\/portal\/wp-content\/uploads\/2025\/05\/IMG_20250507_172817-scaled.jpg 2560w, https:\/\/www.muniancud.cl\/portal\/wp-content\/uploads\/2025\/05\/IMG_20250507_172817-300x225.jpg 300w, https:\/\/www.muniancud.cl\/portal\/wp-content\/uploads\/2025\/05\/IMG_20250507_172817-1024x768.jpg 1024w, https:\/\/www.muniancud.cl\/portal\/wp-content\/uploads\/2025\/05\/IMG_20250507_172817-768x576.jpg 768w, https:\/\/www.muniancud.cl\/portal\/wp-content\/uploads\/2025\/05\/IMG_20250507_172817-1536x1152.jpg 1536w, https:\/\/www.muniancud.cl\/portal\/wp-content\/uploads\/2025\/05\/IMG_20250507_172817-2048x1536.jpg 2048w, https:\/\/www.muniancud.cl\/portal\/wp-content\/uploads\/2025\/05\/IMG_20250507_172817-80x60.jpg 80w, https:\/\/www.muniancud.cl\/portal\/wp-content\/uploads\/2025\/05\/IMG_20250507_172817-265x198.jpg 265w, https:\/\/www.muniancud.cl\/portal\/wp-content\/uploads\/2025\/05\/IMG_20250507_172817-696x522.jpg 696w, https:\/\/www.muniancud.cl\/portal\/wp-content\/uploads\/2025\/05\/IMG_20250507_172817-1068x801.jpg 1068w, https:\/\/www.muniancud.cl\/portal\/wp-content\/uploads\/2025\/05\/IMG_20250507_172817-560x420.jpg 560w, https:\/\/www.muniancud.cl\/portal\/wp-content\/uploads\/2025\/05\/IMG_20250507_172817-1920x1440.jpg 1920w\" sizes=\"auto, (max-width: 2560px) 100vw, 2560px\" \/><\/p>\n<p>&nbsp;<\/p>\n","protected":false},"excerpt":{"rendered":"<p>Dirigentes representantes de caminos de la Pen\u00ednsula de Lacuy en la Comuna de Ancud desarrollaron un encuentro con el Director Regional de Vialidad Los Lagos Jorge Loncomilla, el Alcalde de Ancud Andr\u00e9s Ojeda, Concejal Fernando Ojeda, Jefe Gabinete Alex Mu\u00f1oz para informar los avances de los diversos proyectos en el sector. Seg\u00fan se detall\u00f3 a [&hellip;]<\/p>\n","protected":false},"author":11,"featured_media":35263,"comment_status":"closed","ping_status":"closed","sticky":false,"template":"","format":"standard","meta":{"footnotes":""},"categories":[1],"tags":[],"class_list":["post-35262","post","type-post","status-publish","format-standard","has-post-thumbnail","hentry","category-sin-categoria"],"_links":{"self":[{"href":"https:\/\/www.muniancud.cl\/portal\/wp-json\/wp\/v2\/posts\/35262","targetHints":{"allow":["GET"]}}],"collection":[{"href":"https:\/\/www.muniancud.cl\/portal\/wp-json\/wp\/v2\/posts"}],"about":[{"href":"https:\/\/www.muniancud.cl\/portal\/wp-json\/wp\/v2\/types\/post"}],"author":[{"embeddable":true,"href":"https:\/\/www.muniancud.cl\/portal\/wp-json\/wp\/v2\/users\/11"}],"replies":[{"embeddable":true,"href":"https:\/\/www.muniancud.cl\/portal\/wp-json\/wp\/v2\/comments?post=35262"}],"version-history":[{"count":1,"href":"https:\/\/www.muniancud.cl\/portal\/wp-json\/wp\/v2\/posts\/35262\/revisions"}],"predecessor-version":[{"id":35265,"href":"https:\/\/www.muniancud.cl\/portal\/wp-json\/wp\/v2\/posts\/35262\/revisions\/35265"}],"wp:featuredmedia":[{"embeddable":true,"href":"https:\/\/www.muniancud.cl\/portal\/wp-json\/wp\/v2\/media\/35263"}],"wp:attachment":[{"href":"https:\/\/www.muniancud.cl\/portal\/wp-json\/wp\/v2\/media?parent=35262"}],"wp:term":[{"taxonomy":"category","embeddable":true,"href":"https:\/\/www.muniancud.cl\/portal\/wp-json\/wp\/v2\/categories?post=35262"},{"taxonomy":"post_tag","embeddable":true,"href":"https:\/\/www.muniancud.cl\/portal\/wp-json\/wp\/v2\/tags?post=35262"}],"curies":[{"name":"wp","href":"https:\/\/api.w.org\/{rel}","templated":true}]}}