{"id":35266,"date":"2025-05-09T10:03:10","date_gmt":"2025-05-09T14:03:10","guid":{"rendered":"https:\/\/www.muniancud.cl\/portal\/?p=35266"},"modified":"2025-05-09T10:03:10","modified_gmt":"2025-05-09T14:03:10","slug":"zumbaton-ancud-una-celebracion-llena-de-energia-por-el-dia-de-la-madre","status":"publish","type":"post","link":"https:\/\/www.muniancud.cl\/portal\/zumbaton-ancud-una-celebracion-llena-de-energia-por-el-dia-de-la-madre\/","title":{"rendered":"Zumbat\u00f3n Ancud: Una Celebraci\u00f3n llena de energ\u00eda por el dia de la madre"},"content":{"rendered":"<p>En el marco de la celebraci\u00f3n del D\u00eda de la Madre, se realiz\u00f3 con gran \u00e9xito una vibrante jornada de zumba en el Gimnasio Fiscal de Ancud.<\/p>\n<p>La actividad, organizada por la Oficina de Deporte y Juventud, convoc\u00f3 a m\u00e1s de 100 personas, quienes disfrutaron de una tarde cargada de entusiasmo, m\u00fasica y movimiento.<\/p>\n<p>La iniciativa busc\u00f3 fomentar el bienestar f\u00edsico y emocional, as\u00ed como generar un espacio de encuentro comunitario en torno al deporte y la vida saludable.<\/p>\n<p>Participaron principalmente mujeres, aunque tambi\u00e9n se sumaron hombres de distintas edades, todos unidos por las ganas de celebrar, compartir y ejercitarse de manera entretenida.<\/p>\n<p>El evento fue una verdadera fiesta del ritmo y la alegr\u00eda, en la que se vivieron momentos de camarader\u00eda, gratitud y reconocimiento hacia las madres de la comuna.<\/p>\n<p>La Oficina de Deporte y Juventud destac\u00f3 la alta convocatoria y el entusiasmo del p\u00fablico, reafirmando su compromiso con la promoci\u00f3n de actividades recreativas y saludables para toda la comunidad.<\/p>\n<p><img loading=\"lazy\" decoding=\"async\" class=\"alignnone size-full wp-image-35268\" src=\"https:\/\/www.muniancud.cl\/portal\/wp-content\/uploads\/2025\/05\/3.jpg\" alt=\"\" width=\"1600\" height=\"1200\" srcset=\"https:\/\/www.muniancud.cl\/portal\/wp-content\/uploads\/2025\/05\/3.jpg 1600w, https:\/\/www.muniancud.cl\/portal\/wp-content\/uploads\/2025\/05\/3-300x225.jpg 300w, https:\/\/www.muniancud.cl\/portal\/wp-content\/uploads\/2025\/05\/3-1024x768.jpg 1024w, https:\/\/www.muniancud.cl\/portal\/wp-content\/uploads\/2025\/05\/3-768x576.jpg 768w, https:\/\/www.muniancud.cl\/portal\/wp-content\/uploads\/2025\/05\/3-1536x1152.jpg 1536w, https:\/\/www.muniancud.cl\/portal\/wp-content\/uploads\/2025\/05\/3-80x60.jpg 80w, https:\/\/www.muniancud.cl\/portal\/wp-content\/uploads\/2025\/05\/3-265x198.jpg 265w, https:\/\/www.muniancud.cl\/portal\/wp-content\/uploads\/2025\/05\/3-696x522.jpg 696w, https:\/\/www.muniancud.cl\/portal\/wp-content\/uploads\/2025\/05\/3-1068x801.jpg 1068w, https:\/\/www.muniancud.cl\/portal\/wp-content\/uploads\/2025\/05\/3-560x420.jpg 560w\" sizes=\"auto, (max-width: 1600px) 100vw, 1600px\" \/><\/p>\n","protected":false},"excerpt":{"rendered":"<p>En el marco de la celebraci\u00f3n del D\u00eda de la Madre, se realiz\u00f3 con gran \u00e9xito una vibrante jornada de zumba en el Gimnasio Fiscal de Ancud. La actividad, organizada por la Oficina de Deporte y Juventud, convoc\u00f3 a m\u00e1s de 100 personas, quienes disfrutaron de una tarde cargada de entusiasmo, m\u00fasica y movimiento. La [&hellip;]<\/p>\n","protected":false},"author":11,"featured_media":35267,"comment_status":"closed","ping_status":"closed","sticky":false,"template":"","format":"standard","meta":{"footnotes":""},"categories":[27,4,24],"tags":[],"class_list":["post-35266","post","type-post","status-publish","format-standard","has-post-thumbnail","hentry","category-dideco","category-sala-de-prensa","category-salud"],"_links":{"self":[{"href":"https:\/\/www.muniancud.cl\/portal\/wp-json\/wp\/v2\/posts\/35266","targetHints":{"allow":["GET"]}}],"collection":[{"href":"https:\/\/www.muniancud.cl\/portal\/wp-json\/wp\/v2\/posts"}],"about":[{"href":"https:\/\/www.muniancud.cl\/portal\/wp-json\/wp\/v2\/types\/post"}],"author":[{"embeddable":true,"href":"https:\/\/www.muniancud.cl\/portal\/wp-json\/wp\/v2\/users\/11"}],"replies":[{"embeddable":true,"href":"https:\/\/www.muniancud.cl\/portal\/wp-json\/wp\/v2\/comments?post=35266"}],"version-history":[{"count":1,"href":"https:\/\/www.muniancud.cl\/portal\/wp-json\/wp\/v2\/posts\/35266\/revisions"}],"predecessor-version":[{"id":35269,"href":"https:\/\/www.muniancud.cl\/portal\/wp-json\/wp\/v2\/posts\/35266\/revisions\/35269"}],"wp:featuredmedia":[{"embeddable":true,"href":"https:\/\/www.muniancud.cl\/portal\/wp-json\/wp\/v2\/media\/35267"}],"wp:attachment":[{"href":"https:\/\/www.muniancud.cl\/portal\/wp-json\/wp\/v2\/media?parent=35266"}],"wp:term":[{"taxonomy":"category","embeddable":true,"href":"https:\/\/www.muniancud.cl\/portal\/wp-json\/wp\/v2\/categories?post=35266"},{"taxonomy":"post_tag","embeddable":true,"href":"https:\/\/www.muniancud.cl\/portal\/wp-json\/wp\/v2\/tags?post=35266"}],"curies":[{"name":"wp","href":"https:\/\/api.w.org\/{rel}","templated":true}]}}