{"id":35270,"date":"2025-05-09T11:29:17","date_gmt":"2025-05-09T15:29:17","guid":{"rendered":"https:\/\/www.muniancud.cl\/portal\/?p=35270"},"modified":"2025-05-09T11:29:17","modified_gmt":"2025-05-09T15:29:17","slug":"llegan-dos-nuevas-retroexcavadoras-para-fortalecer-la-gestion-municipal","status":"publish","type":"post","link":"https:\/\/www.muniancud.cl\/portal\/llegan-dos-nuevas-retroexcavadoras-para-fortalecer-la-gestion-municipal\/","title":{"rendered":"Llegan dos nuevas retroexcavadoras para fortalecer la gesti\u00f3n municipal"},"content":{"rendered":"<p>La Direcci\u00f3n de Secplan de la Ilustre Municipalidad de Ancud anunci\u00f3 con entusiasmo la aprobaci\u00f3n del aumento de presupuesto para el proyecto de adquisici\u00f3n de dos nuevas retroexcavadoras, una iniciativa que busca fortalecer el \u00e1rea de operaciones municipales.<\/p>\n<p>En la sesi\u00f3n realizada el jueves 8 de mayo en la comuna de Puqueld\u00f3n, el Consejo Regional de Los Lagos aprob\u00f3 un incremento de $88.947.510, elevando el monto total del proyecto a $311.457.519. Esta importante inversi\u00f3n ser\u00e1 financiada a trav\u00e9s del Fondo Nacional de Desarrollo Regional (FNDR) del Gobierno Regional de Los Lagos.<\/p>\n<p>El objetivo principal del proyecto es incorporar dos nuevas retroexcavadoras a la Direcci\u00f3n de Operaciones, que actualmente solo cuenta con una unidad del a\u00f1o 2016. Con esta ampliaci\u00f3n, se espera mejorar significativamente la capacidad de respuesta del municipio ante las necesidades de la comunidad, optimizando la cobertura territorial y los tiempos de atenci\u00f3n.<\/p>\n<p>El alcalde de Ancud Andr\u00e9s Ojeda expres\u00f3 su alegr\u00eda por esta aprobaci\u00f3n, destacando el trabajo conjunto de los equipos municipales, especialmente de Secplan y Operaciones, as\u00ed como el valioso respaldo de los Consejeros Regionales y del Gobierno Regional.<\/p>\n<p>\u201cSeguiremos avanzando para conformar dos equipos de maquinaria que puedan operar de manera independiente en diferentes sectores, mejorando calles y caminos. Este era un objetivo trazado a cuatro a\u00f1os, pero si seguimos con este ritmo de gesti\u00f3n, podr\u00edamos concretarlo en los primeros dos\u201d, recalc\u00f3 el jefe comunal con optimismo.<\/p>\n<p><img loading=\"lazy\" decoding=\"async\" class=\"alignnone size-full wp-image-35272\" src=\"https:\/\/www.muniancud.cl\/portal\/wp-content\/uploads\/2025\/05\/retroexcabadoras.jpg\" alt=\"\" width=\"1600\" height=\"1066\" srcset=\"https:\/\/www.muniancud.cl\/portal\/wp-content\/uploads\/2025\/05\/retroexcabadoras.jpg 1600w, https:\/\/www.muniancud.cl\/portal\/wp-content\/uploads\/2025\/05\/retroexcabadoras-300x200.jpg 300w, https:\/\/www.muniancud.cl\/portal\/wp-content\/uploads\/2025\/05\/retroexcabadoras-1024x682.jpg 1024w, https:\/\/www.muniancud.cl\/portal\/wp-content\/uploads\/2025\/05\/retroexcabadoras-768x512.jpg 768w, https:\/\/www.muniancud.cl\/portal\/wp-content\/uploads\/2025\/05\/retroexcabadoras-1536x1023.jpg 1536w, https:\/\/www.muniancud.cl\/portal\/wp-content\/uploads\/2025\/05\/retroexcabadoras-696x464.jpg 696w, https:\/\/www.muniancud.cl\/portal\/wp-content\/uploads\/2025\/05\/retroexcabadoras-1068x712.jpg 1068w, https:\/\/www.muniancud.cl\/portal\/wp-content\/uploads\/2025\/05\/retroexcabadoras-630x420.jpg 630w\" sizes=\"auto, (max-width: 1600px) 100vw, 1600px\" \/><\/p>\n","protected":false},"excerpt":{"rendered":"<p>La Direcci\u00f3n de Secplan de la Ilustre Municipalidad de Ancud anunci\u00f3 con entusiasmo la aprobaci\u00f3n del aumento de presupuesto para el proyecto de adquisici\u00f3n de dos nuevas retroexcavadoras, una iniciativa que busca fortalecer el \u00e1rea de operaciones municipales. En la sesi\u00f3n realizada el jueves 8 de mayo en la comuna de Puqueld\u00f3n, el Consejo Regional [&hellip;]<\/p>\n","protected":false},"author":11,"featured_media":35271,"comment_status":"closed","ping_status":"closed","sticky":false,"template":"","format":"standard","meta":{"footnotes":""},"categories":[1],"tags":[],"class_list":["post-35270","post","type-post","status-publish","format-standard","has-post-thumbnail","hentry","category-sin-categoria"],"_links":{"self":[{"href":"https:\/\/www.muniancud.cl\/portal\/wp-json\/wp\/v2\/posts\/35270","targetHints":{"allow":["GET"]}}],"collection":[{"href":"https:\/\/www.muniancud.cl\/portal\/wp-json\/wp\/v2\/posts"}],"about":[{"href":"https:\/\/www.muniancud.cl\/portal\/wp-json\/wp\/v2\/types\/post"}],"author":[{"embeddable":true,"href":"https:\/\/www.muniancud.cl\/portal\/wp-json\/wp\/v2\/users\/11"}],"replies":[{"embeddable":true,"href":"https:\/\/www.muniancud.cl\/portal\/wp-json\/wp\/v2\/comments?post=35270"}],"version-history":[{"count":1,"href":"https:\/\/www.muniancud.cl\/portal\/wp-json\/wp\/v2\/posts\/35270\/revisions"}],"predecessor-version":[{"id":35273,"href":"https:\/\/www.muniancud.cl\/portal\/wp-json\/wp\/v2\/posts\/35270\/revisions\/35273"}],"wp:featuredmedia":[{"embeddable":true,"href":"https:\/\/www.muniancud.cl\/portal\/wp-json\/wp\/v2\/media\/35271"}],"wp:attachment":[{"href":"https:\/\/www.muniancud.cl\/portal\/wp-json\/wp\/v2\/media?parent=35270"}],"wp:term":[{"taxonomy":"category","embeddable":true,"href":"https:\/\/www.muniancud.cl\/portal\/wp-json\/wp\/v2\/categories?post=35270"},{"taxonomy":"post_tag","embeddable":true,"href":"https:\/\/www.muniancud.cl\/portal\/wp-json\/wp\/v2\/tags?post=35270"}],"curies":[{"name":"wp","href":"https:\/\/api.w.org\/{rel}","templated":true}]}}