{"id":35276,"date":"2025-05-12T11:04:51","date_gmt":"2025-05-12T15:04:51","guid":{"rendered":"https:\/\/www.muniancud.cl\/portal\/?p=35276"},"modified":"2025-05-12T11:04:51","modified_gmt":"2025-05-12T15:04:51","slug":"ministro-del-deporte-jaime-pizarro-visito-ancud","status":"publish","type":"post","link":"https:\/\/www.muniancud.cl\/portal\/ministro-del-deporte-jaime-pizarro-visito-ancud\/","title":{"rendered":"Ministro del Deporte Jaime Pizarro visit\u00f3 Ancud"},"content":{"rendered":"<p>A pesar de su apretada agenda, el Ministro del Deporte, Jaime Pizarro, visit\u00f3 durante esta jornada la ciudad de Ancud. En su recorrido, estuvo acompa\u00f1ado por el alcalde Andr\u00e9s Ojeda, Los concejales Fernando Ojeda y Javier C\u00e1rdenas, el equipo municipal y dirigentes, visitando el gimnasio Luis \u00abCaco\u00bb Su\u00e1rez y el gimnasio Rivera Sur.<\/p>\n<p>Durante el encuentro con el representante del Ejecutivo, se abordaron diversos temas, entre ellos el cambio de la carpeta del gimnasio fiscal un proyecto impulsado por el Ministerio del Deporte cuya ejecuci\u00f3n comenzar\u00e1 en los pr\u00f3ximos meses, ya que los recursos necesarios est\u00e1n disponibles.<\/p>\n<p>Asimismo, se inform\u00f3 sobre las deficiencias en infraestructura deportiva que presenta la comuna. \u201c\u00c9l conoce la comuna, es seguidor de algunos deportes en los cuales Ancud se destaca, y sabe que faltan espacios de entrenamiento para diversas disciplinas\u201d, indic\u00f3 el alcalde Andr\u00e9s Ojeda.<\/p>\n<p>Por su parte, la Asociaci\u00f3n Atl\u00e9tica de Ancud expuso al ministro la necesidad de contar con una pista de atletismo techada, que permita entrenar y realizar torneos durante todo el a\u00f1o.<\/p>\n<p>En el di\u00e1logo con el ministro, tambi\u00e9n se plante\u00f3 la posibilidad de implementar en Ancud el programa \u201cPromesas Chile\u201d, actualmente en ejecuci\u00f3n en Osorno. La buena noticia es que la ciudad est\u00e1 priorizada para ser considerada en esta iniciativa.<\/p>\n<p>Finalmente, el ministro Jaime Pizarro y el jefe comunal recorrieron el gimnasio Rivera Sur, donde se practican deportes de contacto. Aunque este recinto se encuentra en mal estado, presta un invaluable servicio deportivo y social, siendo un espacio frecuentado por muchas familias para la pr\u00e1ctica de diversas disciplinas.<\/p>\n<p>\u201cEstamos elaborando un proyecto que ya hemos discutido con el Ministerio de Desarrollo Social y el Ministerio del Deporte Regional. Hoy trajimos al ministro para que pudiera conocer la realidad, qued\u00f3 muy impresionado y este proyecto tambi\u00e9n ser\u00e1 una prioridad\u201d, expres\u00f3 el alcalde Ojeda.<\/p>\n<p>Por su parte, el Ministro Jaime Pizarro destac\u00f3 que fueron muchas las actividades realizadas en la provincia de Chilo\u00e9 y que en Ancud se analiz\u00f3 el futuro del desarrollo deportivo, as\u00ed como la ampliaci\u00f3n de disciplinas.<\/p>\n<p>\u201cQueremos que puedan tener espacios para expresar deportivamente sus talentos. En ese sentido, estamos coordinando algunos temas internos con el IND, como priorizar el programa Promesas Chile. Aqu\u00ed hay buenos atletas y varias disciplinas que pueden seguir creciendo. Han sido d\u00edas intensos, pero nos han permitido ver c\u00f3mo avanzan las regiones\u201d, concluy\u00f3 el ministro Pizarro.<\/p>\n<p><img loading=\"lazy\" decoding=\"async\" class=\"alignnone size-full wp-image-35278\" src=\"https:\/\/www.muniancud.cl\/portal\/wp-content\/uploads\/2025\/05\/6-1.jpg\" alt=\"\" width=\"1600\" height=\"1200\" srcset=\"https:\/\/www.muniancud.cl\/portal\/wp-content\/uploads\/2025\/05\/6-1.jpg 1600w, https:\/\/www.muniancud.cl\/portal\/wp-content\/uploads\/2025\/05\/6-1-300x225.jpg 300w, https:\/\/www.muniancud.cl\/portal\/wp-content\/uploads\/2025\/05\/6-1-1024x768.jpg 1024w, https:\/\/www.muniancud.cl\/portal\/wp-content\/uploads\/2025\/05\/6-1-768x576.jpg 768w, https:\/\/www.muniancud.cl\/portal\/wp-content\/uploads\/2025\/05\/6-1-1536x1152.jpg 1536w, https:\/\/www.muniancud.cl\/portal\/wp-content\/uploads\/2025\/05\/6-1-80x60.jpg 80w, https:\/\/www.muniancud.cl\/portal\/wp-content\/uploads\/2025\/05\/6-1-265x198.jpg 265w, https:\/\/www.muniancud.cl\/portal\/wp-content\/uploads\/2025\/05\/6-1-696x522.jpg 696w, https:\/\/www.muniancud.cl\/portal\/wp-content\/uploads\/2025\/05\/6-1-1068x801.jpg 1068w, https:\/\/www.muniancud.cl\/portal\/wp-content\/uploads\/2025\/05\/6-1-560x420.jpg 560w\" sizes=\"auto, (max-width: 1600px) 100vw, 1600px\" \/><\/p>\n<p>&nbsp;<\/p>\n","protected":false},"excerpt":{"rendered":"<p>A pesar de su apretada agenda, el Ministro del Deporte, Jaime Pizarro, visit\u00f3 durante esta jornada la ciudad de Ancud. En su recorrido, estuvo acompa\u00f1ado por el alcalde Andr\u00e9s Ojeda, Los concejales Fernando Ojeda y Javier C\u00e1rdenas, el equipo municipal y dirigentes, visitando el gimnasio Luis \u00abCaco\u00bb Su\u00e1rez y el gimnasio Rivera Sur. Durante el [&hellip;]<\/p>\n","protected":false},"author":11,"featured_media":35277,"comment_status":"closed","ping_status":"closed","sticky":false,"template":"","format":"standard","meta":{"footnotes":""},"categories":[27,4,29],"tags":[],"class_list":["post-35276","post","type-post","status-publish","format-standard","has-post-thumbnail","hentry","category-dideco","category-sala-de-prensa","category-secplan"],"_links":{"self":[{"href":"https:\/\/www.muniancud.cl\/portal\/wp-json\/wp\/v2\/posts\/35276","targetHints":{"allow":["GET"]}}],"collection":[{"href":"https:\/\/www.muniancud.cl\/portal\/wp-json\/wp\/v2\/posts"}],"about":[{"href":"https:\/\/www.muniancud.cl\/portal\/wp-json\/wp\/v2\/types\/post"}],"author":[{"embeddable":true,"href":"https:\/\/www.muniancud.cl\/portal\/wp-json\/wp\/v2\/users\/11"}],"replies":[{"embeddable":true,"href":"https:\/\/www.muniancud.cl\/portal\/wp-json\/wp\/v2\/comments?post=35276"}],"version-history":[{"count":1,"href":"https:\/\/www.muniancud.cl\/portal\/wp-json\/wp\/v2\/posts\/35276\/revisions"}],"predecessor-version":[{"id":35279,"href":"https:\/\/www.muniancud.cl\/portal\/wp-json\/wp\/v2\/posts\/35276\/revisions\/35279"}],"wp:featuredmedia":[{"embeddable":true,"href":"https:\/\/www.muniancud.cl\/portal\/wp-json\/wp\/v2\/media\/35277"}],"wp:attachment":[{"href":"https:\/\/www.muniancud.cl\/portal\/wp-json\/wp\/v2\/media?parent=35276"}],"wp:term":[{"taxonomy":"category","embeddable":true,"href":"https:\/\/www.muniancud.cl\/portal\/wp-json\/wp\/v2\/categories?post=35276"},{"taxonomy":"post_tag","embeddable":true,"href":"https:\/\/www.muniancud.cl\/portal\/wp-json\/wp\/v2\/tags?post=35276"}],"curies":[{"name":"wp","href":"https:\/\/api.w.org\/{rel}","templated":true}]}}