{"id":35281,"date":"2025-05-12T11:49:36","date_gmt":"2025-05-12T15:49:36","guid":{"rendered":"https:\/\/www.muniancud.cl\/portal\/?p=35281"},"modified":"2025-05-12T11:49:36","modified_gmt":"2025-05-12T15:49:36","slug":"alcalde-se-reune-con-agrupcion-de-adultos-mayores","status":"publish","type":"post","link":"https:\/\/www.muniancud.cl\/portal\/alcalde-se-reune-con-agrupcion-de-adultos-mayores\/","title":{"rendered":"Alcalde se re\u00fane con agrupci\u00f3n de adultos mayores"},"content":{"rendered":"<p>La jornada cont\u00f3 con la participaci\u00f3n de representantes de 27 clubes de adultos mayores, provenientes tanto del sector urbano como del \u00e1mbito rural. Durante el encuentro, se trataron diversos temas de inter\u00e9s, reafirmando compromisos relevantes y recogiendo solicitudes presentadas por la Uni\u00f3n Comunal de Adultos Mayores y sus respectivas organizaciones.<\/p>\n<p>En este marco, el alcalde Andr\u00e9s Ojeda Care, acompa\u00f1ado por los concejales Javier C\u00e1rdenas y Jaime Chepillo, anunci\u00f3 la aprobaci\u00f3n de una subvenci\u00f3n municipal destinada a la calefacci\u00f3n del Centro Comunitario del Adulto Mayor, fortaleciendo as\u00ed el bienestar y la calidad de vida de sus miembros.<\/p>\n<p>Asimismo, el alcalde, junto a su jefe de Gabinete, Alex Mu\u00f1oz, reiter\u00f3 el compromiso del municipio para brindar apoyo log\u00edstico en los viajes tur\u00edsticos organizados por cada agrupaci\u00f3n. A la fecha, se han respaldado m\u00e1s de 30 salidas recreativas para personas mayores.<\/p>\n<p>Por su parte, la encargada de la Oficina del Adulto Mayor, Karin Marilic\u00e1n destac\u00f3 las mejoras y labores de mantenci\u00f3n realizadas en el sal\u00f3n multiprop\u00f3sito y en el Centro Comunitario del Adulto Mayor. Adem\u00e1s, inform\u00f3 que se brind\u00f3 acompa\u00f1amiento t\u00e9cnico a 22 organizaciones durante el proceso de postulaci\u00f3n al Fondo Nacional del Adulto Mayor.<\/p>\n<p>Durante la actividad, tambi\u00e9n se comparti\u00f3 informaci\u00f3n sobre los talleres que actualmente se encuentran en ejecuci\u00f3n a trav\u00e9s de la Oficina del Adulto Mayor. Entre ellos se incluyen gimnasia terap\u00e9utica china, baile entretenido, danza folcl\u00f3rica y ritmos latinos.<\/p>\n<p>Finalmente, se celebr\u00f3 con especial afecto a las madres presentes, reconociendo su valiosa labor y compromiso con la comunidad.<\/p>\n<p><img loading=\"lazy\" decoding=\"async\" class=\"alignnone size-full wp-image-35283\" src=\"https:\/\/www.muniancud.cl\/portal\/wp-content\/uploads\/2025\/05\/13-1-scaled.jpg\" alt=\"\" width=\"2560\" height=\"1526\" srcset=\"https:\/\/www.muniancud.cl\/portal\/wp-content\/uploads\/2025\/05\/13-1-scaled.jpg 2560w, https:\/\/www.muniancud.cl\/portal\/wp-content\/uploads\/2025\/05\/13-1-300x179.jpg 300w, https:\/\/www.muniancud.cl\/portal\/wp-content\/uploads\/2025\/05\/13-1-1024x610.jpg 1024w, https:\/\/www.muniancud.cl\/portal\/wp-content\/uploads\/2025\/05\/13-1-768x458.jpg 768w, https:\/\/www.muniancud.cl\/portal\/wp-content\/uploads\/2025\/05\/13-1-1536x916.jpg 1536w, https:\/\/www.muniancud.cl\/portal\/wp-content\/uploads\/2025\/05\/13-1-2048x1221.jpg 2048w, https:\/\/www.muniancud.cl\/portal\/wp-content\/uploads\/2025\/05\/13-1-696x415.jpg 696w, https:\/\/www.muniancud.cl\/portal\/wp-content\/uploads\/2025\/05\/13-1-1068x637.jpg 1068w, https:\/\/www.muniancud.cl\/portal\/wp-content\/uploads\/2025\/05\/13-1-705x420.jpg 705w, https:\/\/www.muniancud.cl\/portal\/wp-content\/uploads\/2025\/05\/13-1-1920x1145.jpg 1920w\" sizes=\"auto, (max-width: 2560px) 100vw, 2560px\" \/><\/p>\n<p>&nbsp;<\/p>\n","protected":false},"excerpt":{"rendered":"<p>La jornada cont\u00f3 con la participaci\u00f3n de representantes de 27 clubes de adultos mayores, provenientes tanto del sector urbano como del \u00e1mbito rural. Durante el encuentro, se trataron diversos temas de inter\u00e9s, reafirmando compromisos relevantes y recogiendo solicitudes presentadas por la Uni\u00f3n Comunal de Adultos Mayores y sus respectivas organizaciones. En este marco, el alcalde [&hellip;]<\/p>\n","protected":false},"author":11,"featured_media":35282,"comment_status":"closed","ping_status":"closed","sticky":false,"template":"","format":"standard","meta":{"footnotes":""},"categories":[27,4],"tags":[],"class_list":["post-35281","post","type-post","status-publish","format-standard","has-post-thumbnail","hentry","category-dideco","category-sala-de-prensa"],"_links":{"self":[{"href":"https:\/\/www.muniancud.cl\/portal\/wp-json\/wp\/v2\/posts\/35281","targetHints":{"allow":["GET"]}}],"collection":[{"href":"https:\/\/www.muniancud.cl\/portal\/wp-json\/wp\/v2\/posts"}],"about":[{"href":"https:\/\/www.muniancud.cl\/portal\/wp-json\/wp\/v2\/types\/post"}],"author":[{"embeddable":true,"href":"https:\/\/www.muniancud.cl\/portal\/wp-json\/wp\/v2\/users\/11"}],"replies":[{"embeddable":true,"href":"https:\/\/www.muniancud.cl\/portal\/wp-json\/wp\/v2\/comments?post=35281"}],"version-history":[{"count":1,"href":"https:\/\/www.muniancud.cl\/portal\/wp-json\/wp\/v2\/posts\/35281\/revisions"}],"predecessor-version":[{"id":35284,"href":"https:\/\/www.muniancud.cl\/portal\/wp-json\/wp\/v2\/posts\/35281\/revisions\/35284"}],"wp:featuredmedia":[{"embeddable":true,"href":"https:\/\/www.muniancud.cl\/portal\/wp-json\/wp\/v2\/media\/35282"}],"wp:attachment":[{"href":"https:\/\/www.muniancud.cl\/portal\/wp-json\/wp\/v2\/media?parent=35281"}],"wp:term":[{"taxonomy":"category","embeddable":true,"href":"https:\/\/www.muniancud.cl\/portal\/wp-json\/wp\/v2\/categories?post=35281"},{"taxonomy":"post_tag","embeddable":true,"href":"https:\/\/www.muniancud.cl\/portal\/wp-json\/wp\/v2\/tags?post=35281"}],"curies":[{"name":"wp","href":"https:\/\/api.w.org\/{rel}","templated":true}]}}