{"id":35305,"date":"2025-05-14T10:32:08","date_gmt":"2025-05-14T14:32:08","guid":{"rendered":"https:\/\/www.muniancud.cl\/portal\/?p=35305"},"modified":"2025-05-14T10:32:08","modified_gmt":"2025-05-14T14:32:08","slug":"30-mujeres-de-chiloe-reciben-certificacion-del-programa-buen-vivir","status":"publish","type":"post","link":"https:\/\/www.muniancud.cl\/portal\/30-mujeres-de-chiloe-reciben-certificacion-del-programa-buen-vivir\/","title":{"rendered":"30 mujeres de Chilo\u00e9 reciben certificaci\u00f3n del Programa Buen Vivir"},"content":{"rendered":"<p>En una emotiva ceremonia, 30 mujeres de distintas comunas del archipi\u00e9lago de Chilo\u00e9 fueron certificadas tras participar en el Programa Buen Vivir, iniciativa respaldada por la Oficina de Asuntos Ind\u00edgenas y la OMIL municipal. El programa se ejecut\u00f3 con el apoyo de ONU Mujeres a trav\u00e9s del proyecto Originarias, centrado en el fortalecimiento de las capacidades de mujeres ind\u00edgenas.<\/p>\n<p>La actividad cont\u00f3 con la presencia de la Seremi de la Mujer y Equidad de G\u00e9nero, Macarena Gr\u00e9; los Concejales Pablo Vargas, Jaime Chepillo y Javier C\u00e1rdenas; Ruth Caicheo, en representaci\u00f3n del alcalde Andr\u00e9s Ojeda; Francisca Magnani, coordinadora del Programa Buen Vivir; y Cristian Caipill\u00e1n, encargado regional del programa Buen Vivir.<\/p>\n<p>Durante la ceremonia, se destac\u00f3 la importancia de iniciativas como Originarias, que han permitido fomentar la participaci\u00f3n de mujeres ind\u00edgenas en los mercados y actividades econ\u00f3micas, mejorando las condiciones de vida de ellas, sus familias y comunidades.<\/p>\n<p>El programa consisti\u00f3 en cuatro intensas jornadas de trabajo, en las que se abordaron tem\u00e1ticas relacionadas con el emprendimiento y los negocios. Las participantes salieron fortalecidas y empoderadas, preparadas para enfrentar nuevos desaf\u00edos y continuar desarroll\u00e1ndose personal y profesionalmente.<\/p>\n<p><img loading=\"lazy\" decoding=\"async\" class=\"alignnone size-full wp-image-35307\" src=\"https:\/\/www.muniancud.cl\/portal\/wp-content\/uploads\/2025\/05\/8.jpg\" alt=\"\" width=\"1600\" height=\"1200\" srcset=\"https:\/\/www.muniancud.cl\/portal\/wp-content\/uploads\/2025\/05\/8.jpg 1600w, https:\/\/www.muniancud.cl\/portal\/wp-content\/uploads\/2025\/05\/8-300x225.jpg 300w, https:\/\/www.muniancud.cl\/portal\/wp-content\/uploads\/2025\/05\/8-1024x768.jpg 1024w, https:\/\/www.muniancud.cl\/portal\/wp-content\/uploads\/2025\/05\/8-768x576.jpg 768w, https:\/\/www.muniancud.cl\/portal\/wp-content\/uploads\/2025\/05\/8-1536x1152.jpg 1536w, https:\/\/www.muniancud.cl\/portal\/wp-content\/uploads\/2025\/05\/8-80x60.jpg 80w, https:\/\/www.muniancud.cl\/portal\/wp-content\/uploads\/2025\/05\/8-265x198.jpg 265w, https:\/\/www.muniancud.cl\/portal\/wp-content\/uploads\/2025\/05\/8-696x522.jpg 696w, https:\/\/www.muniancud.cl\/portal\/wp-content\/uploads\/2025\/05\/8-1068x801.jpg 1068w, https:\/\/www.muniancud.cl\/portal\/wp-content\/uploads\/2025\/05\/8-560x420.jpg 560w\" sizes=\"auto, (max-width: 1600px) 100vw, 1600px\" \/><\/p>\n<p>&nbsp;<\/p>\n","protected":false},"excerpt":{"rendered":"<p>En una emotiva ceremonia, 30 mujeres de distintas comunas del archipi\u00e9lago de Chilo\u00e9 fueron certificadas tras participar en el Programa Buen Vivir, iniciativa respaldada por la Oficina de Asuntos Ind\u00edgenas y la OMIL municipal. El programa se ejecut\u00f3 con el apoyo de ONU Mujeres a trav\u00e9s del proyecto Originarias, centrado en el fortalecimiento de las [&hellip;]<\/p>\n","protected":false},"author":11,"featured_media":35306,"comment_status":"closed","ping_status":"closed","sticky":false,"template":"","format":"standard","meta":{"footnotes":""},"categories":[27,4],"tags":[],"class_list":["post-35305","post","type-post","status-publish","format-standard","has-post-thumbnail","hentry","category-dideco","category-sala-de-prensa"],"_links":{"self":[{"href":"https:\/\/www.muniancud.cl\/portal\/wp-json\/wp\/v2\/posts\/35305","targetHints":{"allow":["GET"]}}],"collection":[{"href":"https:\/\/www.muniancud.cl\/portal\/wp-json\/wp\/v2\/posts"}],"about":[{"href":"https:\/\/www.muniancud.cl\/portal\/wp-json\/wp\/v2\/types\/post"}],"author":[{"embeddable":true,"href":"https:\/\/www.muniancud.cl\/portal\/wp-json\/wp\/v2\/users\/11"}],"replies":[{"embeddable":true,"href":"https:\/\/www.muniancud.cl\/portal\/wp-json\/wp\/v2\/comments?post=35305"}],"version-history":[{"count":1,"href":"https:\/\/www.muniancud.cl\/portal\/wp-json\/wp\/v2\/posts\/35305\/revisions"}],"predecessor-version":[{"id":35308,"href":"https:\/\/www.muniancud.cl\/portal\/wp-json\/wp\/v2\/posts\/35305\/revisions\/35308"}],"wp:featuredmedia":[{"embeddable":true,"href":"https:\/\/www.muniancud.cl\/portal\/wp-json\/wp\/v2\/media\/35306"}],"wp:attachment":[{"href":"https:\/\/www.muniancud.cl\/portal\/wp-json\/wp\/v2\/media?parent=35305"}],"wp:term":[{"taxonomy":"category","embeddable":true,"href":"https:\/\/www.muniancud.cl\/portal\/wp-json\/wp\/v2\/categories?post=35305"},{"taxonomy":"post_tag","embeddable":true,"href":"https:\/\/www.muniancud.cl\/portal\/wp-json\/wp\/v2\/tags?post=35305"}],"curies":[{"name":"wp","href":"https:\/\/api.w.org\/{rel}","templated":true}]}}