{"id":35339,"date":"2025-05-23T11:43:59","date_gmt":"2025-05-23T15:43:59","guid":{"rendered":"https:\/\/www.muniancud.cl\/portal\/?p=35339"},"modified":"2025-05-23T11:43:59","modified_gmt":"2025-05-23T15:43:59","slug":"ancud-celebro-glorias-navales-y-zarpe-goleta","status":"publish","type":"post","link":"https:\/\/www.muniancud.cl\/portal\/ancud-celebro-glorias-navales-y-zarpe-goleta\/","title":{"rendered":"Ancud celebr\u00f3 Glorias Navales y Zarpe Goleta"},"content":{"rendered":"<p>En la Costanera de Ancud se llev\u00f3 a cabo el Desfile C\u00edvico-Militar en conmemoraci\u00f3n de las Glorias Navales y Zarpe Goleta Ancud, actividad que tambi\u00e9n incluy\u00f3 un emotivo recuerdo del terremoto de 1960.<\/p>\n<p>La ceremonia cont\u00f3 con la participaci\u00f3n de la Armada, Carabineros y estudiantes de distintos establecimientos educacionales, quienes dieron realce y solemnidad al evento. Se destac\u00f3 especialmente la participaci\u00f3n de 11 establecimientos educacionales, los cuales desfilaron con gran entusiasmo y compromiso, siendo acompa\u00f1ados por apoderados, docentes y autoridades locales.<\/p>\n<p>Durante la actividad, se rindi\u00f3 homenaje a las juntas de vecinos de In\u00e9s de Baz\u00e1n y 22 de Mayo, en el marco del recuerdo del maremoto y terremoto que afect\u00f3 a la zona.<\/p>\n<p>El evento fue acompa\u00f1ado por la m\u00fasica de la Banda Instrumental \u00abEl Despertar\u00bb, la Banda de Guerra de la Escuela de Formaci\u00f3n de Carabineros Grupo Ancud y la Banda del Colegio Chilo\u00e9, quienes aportaron solemnidad y alegr\u00eda al desfile.<\/p>\n<p>La ceremonia culmin\u00f3 con una emotiva ofrenda floral arrojada al mar por parte de la Junta de Vecinos In\u00e9s de Baz\u00e1n, junto a autoridades presentes, en memoria de quienes fueron v\u00edctimas del desastre natural de 1960.<\/p>\n<p>Felicitaciones a todos los participantes por su entrega y esp\u00edritu c\u00edvico en esta importante conmemoraci\u00f3n.<\/p>\n<p>Durante la tarde se llev\u00f3 a cabo en el Teatro Municipal Mauricio de La Parra el acto en conmemoraci\u00f3n del Zarpe de la Goleta Ancud con presencia de autoridades y comunidad en general.<\/p>\n<p><img loading=\"lazy\" decoding=\"async\" class=\"alignnone size-full wp-image-35341\" src=\"https:\/\/www.muniancud.cl\/portal\/wp-content\/uploads\/2025\/05\/8e54392e-cf54-44f1-9e4d-4c87b40c1882-copia.jpg\" alt=\"\" width=\"1600\" height=\"1200\" srcset=\"https:\/\/www.muniancud.cl\/portal\/wp-content\/uploads\/2025\/05\/8e54392e-cf54-44f1-9e4d-4c87b40c1882-copia.jpg 1600w, https:\/\/www.muniancud.cl\/portal\/wp-content\/uploads\/2025\/05\/8e54392e-cf54-44f1-9e4d-4c87b40c1882-copia-300x225.jpg 300w, https:\/\/www.muniancud.cl\/portal\/wp-content\/uploads\/2025\/05\/8e54392e-cf54-44f1-9e4d-4c87b40c1882-copia-1024x768.jpg 1024w, https:\/\/www.muniancud.cl\/portal\/wp-content\/uploads\/2025\/05\/8e54392e-cf54-44f1-9e4d-4c87b40c1882-copia-768x576.jpg 768w, https:\/\/www.muniancud.cl\/portal\/wp-content\/uploads\/2025\/05\/8e54392e-cf54-44f1-9e4d-4c87b40c1882-copia-1536x1152.jpg 1536w, https:\/\/www.muniancud.cl\/portal\/wp-content\/uploads\/2025\/05\/8e54392e-cf54-44f1-9e4d-4c87b40c1882-copia-80x60.jpg 80w, https:\/\/www.muniancud.cl\/portal\/wp-content\/uploads\/2025\/05\/8e54392e-cf54-44f1-9e4d-4c87b40c1882-copia-265x198.jpg 265w, https:\/\/www.muniancud.cl\/portal\/wp-content\/uploads\/2025\/05\/8e54392e-cf54-44f1-9e4d-4c87b40c1882-copia-696x522.jpg 696w, https:\/\/www.muniancud.cl\/portal\/wp-content\/uploads\/2025\/05\/8e54392e-cf54-44f1-9e4d-4c87b40c1882-copia-1068x801.jpg 1068w, https:\/\/www.muniancud.cl\/portal\/wp-content\/uploads\/2025\/05\/8e54392e-cf54-44f1-9e4d-4c87b40c1882-copia-560x420.jpg 560w\" sizes=\"auto, (max-width: 1600px) 100vw, 1600px\" \/><\/p>\n","protected":false},"excerpt":{"rendered":"<p>En la Costanera de Ancud se llev\u00f3 a cabo el Desfile C\u00edvico-Militar en conmemoraci\u00f3n de las Glorias Navales y Zarpe Goleta Ancud, actividad que tambi\u00e9n incluy\u00f3 un emotivo recuerdo del terremoto de 1960. La ceremonia cont\u00f3 con la participaci\u00f3n de la Armada, Carabineros y estudiantes de distintos establecimientos educacionales, quienes dieron realce y solemnidad al [&hellip;]<\/p>\n","protected":false},"author":11,"featured_media":35340,"comment_status":"closed","ping_status":"closed","sticky":false,"template":"","format":"standard","meta":{"footnotes":""},"categories":[26,27,4],"tags":[],"class_list":["post-35339","post","type-post","status-publish","format-standard","has-post-thumbnail","hentry","category-cultura","category-dideco","category-sala-de-prensa"],"_links":{"self":[{"href":"https:\/\/www.muniancud.cl\/portal\/wp-json\/wp\/v2\/posts\/35339","targetHints":{"allow":["GET"]}}],"collection":[{"href":"https:\/\/www.muniancud.cl\/portal\/wp-json\/wp\/v2\/posts"}],"about":[{"href":"https:\/\/www.muniancud.cl\/portal\/wp-json\/wp\/v2\/types\/post"}],"author":[{"embeddable":true,"href":"https:\/\/www.muniancud.cl\/portal\/wp-json\/wp\/v2\/users\/11"}],"replies":[{"embeddable":true,"href":"https:\/\/www.muniancud.cl\/portal\/wp-json\/wp\/v2\/comments?post=35339"}],"version-history":[{"count":1,"href":"https:\/\/www.muniancud.cl\/portal\/wp-json\/wp\/v2\/posts\/35339\/revisions"}],"predecessor-version":[{"id":35342,"href":"https:\/\/www.muniancud.cl\/portal\/wp-json\/wp\/v2\/posts\/35339\/revisions\/35342"}],"wp:featuredmedia":[{"embeddable":true,"href":"https:\/\/www.muniancud.cl\/portal\/wp-json\/wp\/v2\/media\/35340"}],"wp:attachment":[{"href":"https:\/\/www.muniancud.cl\/portal\/wp-json\/wp\/v2\/media?parent=35339"}],"wp:term":[{"taxonomy":"category","embeddable":true,"href":"https:\/\/www.muniancud.cl\/portal\/wp-json\/wp\/v2\/categories?post=35339"},{"taxonomy":"post_tag","embeddable":true,"href":"https:\/\/www.muniancud.cl\/portal\/wp-json\/wp\/v2\/tags?post=35339"}],"curies":[{"name":"wp","href":"https:\/\/api.w.org\/{rel}","templated":true}]}}