{"id":35530,"date":"2025-07-02T09:24:38","date_gmt":"2025-07-02T13:24:38","guid":{"rendered":"https:\/\/www.muniancud.cl\/portal\/?p=35530"},"modified":"2025-07-02T09:24:38","modified_gmt":"2025-07-02T13:24:38","slug":"accidente-vehicular-provoca-danos-en-alumbrado-publico-en-sector-camino-a-lechagua","status":"publish","type":"post","link":"https:\/\/www.muniancud.cl\/portal\/accidente-vehicular-provoca-danos-en-alumbrado-publico-en-sector-camino-a-lechagua\/","title":{"rendered":"Accidente vehicular provoca da\u00f1os en alumbrado p\u00fablico en sector camino a Lechagua"},"content":{"rendered":"<p>El d\u00eda domingo 29 de junio de 2025, aproximadamente a las 20:15 horas, una camioneta doble cabina de color rojo colision\u00f3 contra un poste del tendido el\u00e9ctrico en el sector de Cardenal Silva, en la ruta que conecta hacia Lechagua.<\/p>\n<p data-start=\"415\" data-end=\"738\">Como consecuencia del impacto, la empresa encargada de la mantenci\u00f3n del alumbrado p\u00fablico Municipal en la comuna inform\u00f3 que se produjo una descarga el\u00e9ctrica que provoc\u00f3 la quema de 43 luminarias LED de luz c\u00e1lida de 60 watts. Hasta el momento, no se cuenta con mayores antecedentes sobre el veh\u00edculo involucrado ni su propietario.<\/p>\n<p data-start=\"740\" data-end=\"1088\">Desde el Municipio se inform\u00f3 que se realizar\u00e1 la denuncia correspondiente con el fin de identificar al responsable del accidente y emprender las acciones judiciales necesarias para exigir la reposici\u00f3n de las luminarias da\u00f1adas, cuyo valor unitario es de $148.000, alcanzando un perjuicio total estimado de $6.364.000 para el patrimonio municipal.<\/p>\n<p data-start=\"1090\" data-end=\"1366\">Asimismo, se est\u00e1n coordinando las gestiones pertinentes para restablecer a la brevedad el alumbrado p\u00fablico en este sector, el cual es altamente transitado y presenta antecedentes de accidentes por atropello, representando un riesgo significativo para peatones y conductores.<img loading=\"lazy\" decoding=\"async\" class=\"alignnone size-full wp-image-35532\" src=\"https:\/\/www.muniancud.cl\/portal\/wp-content\/uploads\/2025\/07\/WhatsApp-Image-2025-07-02-at-8.51.55-AM.jpeg\" alt=\"\" width=\"1200\" height=\"1600\" srcset=\"https:\/\/www.muniancud.cl\/portal\/wp-content\/uploads\/2025\/07\/WhatsApp-Image-2025-07-02-at-8.51.55-AM.jpeg 1200w, https:\/\/www.muniancud.cl\/portal\/wp-content\/uploads\/2025\/07\/WhatsApp-Image-2025-07-02-at-8.51.55-AM-225x300.jpeg 225w, https:\/\/www.muniancud.cl\/portal\/wp-content\/uploads\/2025\/07\/WhatsApp-Image-2025-07-02-at-8.51.55-AM-768x1024.jpeg 768w, https:\/\/www.muniancud.cl\/portal\/wp-content\/uploads\/2025\/07\/WhatsApp-Image-2025-07-02-at-8.51.55-AM-1152x1536.jpeg 1152w, https:\/\/www.muniancud.cl\/portal\/wp-content\/uploads\/2025\/07\/WhatsApp-Image-2025-07-02-at-8.51.55-AM-696x928.jpeg 696w, https:\/\/www.muniancud.cl\/portal\/wp-content\/uploads\/2025\/07\/WhatsApp-Image-2025-07-02-at-8.51.55-AM-1068x1424.jpeg 1068w, https:\/\/www.muniancud.cl\/portal\/wp-content\/uploads\/2025\/07\/WhatsApp-Image-2025-07-02-at-8.51.55-AM-315x420.jpeg 315w\" sizes=\"auto, (max-width: 1200px) 100vw, 1200px\" \/> <img loading=\"lazy\" decoding=\"async\" class=\"alignnone size-full wp-image-35533\" src=\"https:\/\/www.muniancud.cl\/portal\/wp-content\/uploads\/2025\/07\/WhatsApp-Image-2025-07-02-at-8.54.00-AM.jpeg\" alt=\"\" width=\"1200\" height=\"1600\" srcset=\"https:\/\/www.muniancud.cl\/portal\/wp-content\/uploads\/2025\/07\/WhatsApp-Image-2025-07-02-at-8.54.00-AM.jpeg 1200w, https:\/\/www.muniancud.cl\/portal\/wp-content\/uploads\/2025\/07\/WhatsApp-Image-2025-07-02-at-8.54.00-AM-225x300.jpeg 225w, https:\/\/www.muniancud.cl\/portal\/wp-content\/uploads\/2025\/07\/WhatsApp-Image-2025-07-02-at-8.54.00-AM-768x1024.jpeg 768w, https:\/\/www.muniancud.cl\/portal\/wp-content\/uploads\/2025\/07\/WhatsApp-Image-2025-07-02-at-8.54.00-AM-1152x1536.jpeg 1152w, https:\/\/www.muniancud.cl\/portal\/wp-content\/uploads\/2025\/07\/WhatsApp-Image-2025-07-02-at-8.54.00-AM-696x928.jpeg 696w, https:\/\/www.muniancud.cl\/portal\/wp-content\/uploads\/2025\/07\/WhatsApp-Image-2025-07-02-at-8.54.00-AM-1068x1424.jpeg 1068w, https:\/\/www.muniancud.cl\/portal\/wp-content\/uploads\/2025\/07\/WhatsApp-Image-2025-07-02-at-8.54.00-AM-315x420.jpeg 315w\" sizes=\"auto, (max-width: 1200px) 100vw, 1200px\" \/><\/p>\n<p>&nbsp;<\/p>\n","protected":false},"excerpt":{"rendered":"<p>El d\u00eda domingo 29 de junio de 2025, aproximadamente a las 20:15 horas, una camioneta doble cabina de color rojo colision\u00f3 contra un poste del tendido el\u00e9ctrico en el sector de Cardenal Silva, en la ruta que conecta hacia Lechagua. Como consecuencia del impacto, la empresa encargada de la mantenci\u00f3n del alumbrado p\u00fablico Municipal en [&hellip;]<\/p>\n","protected":false},"author":11,"featured_media":35531,"comment_status":"closed","ping_status":"closed","sticky":false,"template":"","format":"standard","meta":{"footnotes":""},"categories":[32,4],"tags":[],"class_list":["post-35530","post","type-post","status-publish","format-standard","has-post-thumbnail","hentry","category-medio-ambiente-aseo-y-ornato","category-sala-de-prensa"],"_links":{"self":[{"href":"https:\/\/www.muniancud.cl\/portal\/wp-json\/wp\/v2\/posts\/35530","targetHints":{"allow":["GET"]}}],"collection":[{"href":"https:\/\/www.muniancud.cl\/portal\/wp-json\/wp\/v2\/posts"}],"about":[{"href":"https:\/\/www.muniancud.cl\/portal\/wp-json\/wp\/v2\/types\/post"}],"author":[{"embeddable":true,"href":"https:\/\/www.muniancud.cl\/portal\/wp-json\/wp\/v2\/users\/11"}],"replies":[{"embeddable":true,"href":"https:\/\/www.muniancud.cl\/portal\/wp-json\/wp\/v2\/comments?post=35530"}],"version-history":[{"count":1,"href":"https:\/\/www.muniancud.cl\/portal\/wp-json\/wp\/v2\/posts\/35530\/revisions"}],"predecessor-version":[{"id":35534,"href":"https:\/\/www.muniancud.cl\/portal\/wp-json\/wp\/v2\/posts\/35530\/revisions\/35534"}],"wp:featuredmedia":[{"embeddable":true,"href":"https:\/\/www.muniancud.cl\/portal\/wp-json\/wp\/v2\/media\/35531"}],"wp:attachment":[{"href":"https:\/\/www.muniancud.cl\/portal\/wp-json\/wp\/v2\/media?parent=35530"}],"wp:term":[{"taxonomy":"category","embeddable":true,"href":"https:\/\/www.muniancud.cl\/portal\/wp-json\/wp\/v2\/categories?post=35530"},{"taxonomy":"post_tag","embeddable":true,"href":"https:\/\/www.muniancud.cl\/portal\/wp-json\/wp\/v2\/tags?post=35530"}],"curies":[{"name":"wp","href":"https:\/\/api.w.org\/{rel}","templated":true}]}}