{"id":35547,"date":"2025-07-02T16:39:35","date_gmt":"2025-07-02T20:39:35","guid":{"rendered":"https:\/\/www.muniancud.cl\/portal\/?p=35547"},"modified":"2025-07-02T16:47:20","modified_gmt":"2025-07-02T20:47:20","slug":"alcalde-de-ancud-participa-en-apertura-de-oferta-economica-para-construccion-de-doble-via-chacao-chonchi","status":"publish","type":"post","link":"https:\/\/www.muniancud.cl\/portal\/alcalde-de-ancud-participa-en-apertura-de-oferta-economica-para-construccion-de-doble-via-chacao-chonchi\/","title":{"rendered":"Alcalde de Ancud participa en apertura de oferta econ\u00f3mica para construcci\u00f3n de Doble V\u00eda Chacao- Chonchi"},"content":{"rendered":"<p>El alcalde de Ancud, Andr\u00e9s Ojeda, particip\u00f3 junto a Selim Barr\u00eda, representante del Comit\u00e9 Pro Puente Chacao, en la apertura de la oferta econ\u00f3mica para la construcci\u00f3n de la Doble V\u00eda Chacao &#8211; Chonchi, presentada por el Grupo Costanera S.P.A.<\/p>\n<p data-start=\"461\" data-end=\"718\">La ceremonia se realiz\u00f3 en las dependencias centrales del Ministerio de Obras P\u00fablicas (MOP), donde se dio a conocer que la propuesta alcanza un monto cercano a los 600 millones de d\u00f3lares, cifra que se encuentra dentro de los m\u00e1rgenes estimados por el MOP.<\/p>\n<p data-start=\"720\" data-end=\"857\">Durante la instancia, el jefe comunal destac\u00f3 la relevancia de esta obra para el desarrollo de Chilo\u00e9, subrayando dos grandes desaf\u00edos, \u201cque la ejecuci\u00f3n del proyecto sea respetuosa de las comunidades y la cultura chilota y que se generen y aprovechen oportunidades laborales reales para los habitantes de la comuna de Ancud\u201d, apunt\u00f3.<\/p>\n<p>Este importante paso representa un avance concreto hacia una infraestructura vial moderna y segura para el archipi\u00e9lago, con el potencial de transformar positivamente la conectividad y el desarrollo local.<img loading=\"lazy\" decoding=\"async\" class=\"alignnone size-full wp-image-35544\" src=\"https:\/\/www.muniancud.cl\/portal\/wp-content\/uploads\/2025\/07\/514397059_10238381099809484_1144273025035481461_n-1.jpg\" alt=\"\" width=\"1280\" height=\"960\" srcset=\"https:\/\/www.muniancud.cl\/portal\/wp-content\/uploads\/2025\/07\/514397059_10238381099809484_1144273025035481461_n-1.jpg 1280w, https:\/\/www.muniancud.cl\/portal\/wp-content\/uploads\/2025\/07\/514397059_10238381099809484_1144273025035481461_n-1-300x225.jpg 300w, https:\/\/www.muniancud.cl\/portal\/wp-content\/uploads\/2025\/07\/514397059_10238381099809484_1144273025035481461_n-1-1024x768.jpg 1024w, https:\/\/www.muniancud.cl\/portal\/wp-content\/uploads\/2025\/07\/514397059_10238381099809484_1144273025035481461_n-1-768x576.jpg 768w, https:\/\/www.muniancud.cl\/portal\/wp-content\/uploads\/2025\/07\/514397059_10238381099809484_1144273025035481461_n-1-80x60.jpg 80w, https:\/\/www.muniancud.cl\/portal\/wp-content\/uploads\/2025\/07\/514397059_10238381099809484_1144273025035481461_n-1-265x198.jpg 265w, https:\/\/www.muniancud.cl\/portal\/wp-content\/uploads\/2025\/07\/514397059_10238381099809484_1144273025035481461_n-1-696x522.jpg 696w, https:\/\/www.muniancud.cl\/portal\/wp-content\/uploads\/2025\/07\/514397059_10238381099809484_1144273025035481461_n-1-1068x801.jpg 1068w, https:\/\/www.muniancud.cl\/portal\/wp-content\/uploads\/2025\/07\/514397059_10238381099809484_1144273025035481461_n-1-560x420.jpg 560w\" sizes=\"auto, (max-width: 1280px) 100vw, 1280px\" \/><\/p>\n<p>&nbsp;<\/p>\n","protected":false},"excerpt":{"rendered":"<p>El alcalde de Ancud, Andr\u00e9s Ojeda, particip\u00f3 junto a Selim Barr\u00eda, representante del Comit\u00e9 Pro Puente Chacao, en la apertura de la oferta econ\u00f3mica para la construcci\u00f3n de la Doble V\u00eda Chacao &#8211; Chonchi, presentada por el Grupo Costanera S.P.A. La ceremonia se realiz\u00f3 en las dependencias centrales del Ministerio de Obras P\u00fablicas (MOP), donde [&hellip;]<\/p>\n","protected":false},"author":11,"featured_media":35545,"comment_status":"closed","ping_status":"closed","sticky":false,"template":"","format":"standard","meta":{"footnotes":""},"categories":[4,29,1],"tags":[],"class_list":["post-35547","post","type-post","status-publish","format-standard","has-post-thumbnail","hentry","category-sala-de-prensa","category-secplan","category-sin-categoria"],"_links":{"self":[{"href":"https:\/\/www.muniancud.cl\/portal\/wp-json\/wp\/v2\/posts\/35547","targetHints":{"allow":["GET"]}}],"collection":[{"href":"https:\/\/www.muniancud.cl\/portal\/wp-json\/wp\/v2\/posts"}],"about":[{"href":"https:\/\/www.muniancud.cl\/portal\/wp-json\/wp\/v2\/types\/post"}],"author":[{"embeddable":true,"href":"https:\/\/www.muniancud.cl\/portal\/wp-json\/wp\/v2\/users\/11"}],"replies":[{"embeddable":true,"href":"https:\/\/www.muniancud.cl\/portal\/wp-json\/wp\/v2\/comments?post=35547"}],"version-history":[{"count":2,"href":"https:\/\/www.muniancud.cl\/portal\/wp-json\/wp\/v2\/posts\/35547\/revisions"}],"predecessor-version":[{"id":35549,"href":"https:\/\/www.muniancud.cl\/portal\/wp-json\/wp\/v2\/posts\/35547\/revisions\/35549"}],"wp:featuredmedia":[{"embeddable":true,"href":"https:\/\/www.muniancud.cl\/portal\/wp-json\/wp\/v2\/media\/35545"}],"wp:attachment":[{"href":"https:\/\/www.muniancud.cl\/portal\/wp-json\/wp\/v2\/media?parent=35547"}],"wp:term":[{"taxonomy":"category","embeddable":true,"href":"https:\/\/www.muniancud.cl\/portal\/wp-json\/wp\/v2\/categories?post=35547"},{"taxonomy":"post_tag","embeddable":true,"href":"https:\/\/www.muniancud.cl\/portal\/wp-json\/wp\/v2\/tags?post=35547"}],"curies":[{"name":"wp","href":"https:\/\/api.w.org\/{rel}","templated":true}]}}