{"id":35552,"date":"2025-07-04T10:14:37","date_gmt":"2025-07-04T14:14:37","guid":{"rendered":"https:\/\/www.muniancud.cl\/portal\/?p=35552"},"modified":"2025-07-04T10:14:37","modified_gmt":"2025-07-04T14:14:37","slug":"autoridades-municipales-y-de-vialidad-se-reunen-con-comunidades-rurales-para-abordar-necesidades-viales","status":"publish","type":"post","link":"https:\/\/www.muniancud.cl\/portal\/autoridades-municipales-y-de-vialidad-se-reunen-con-comunidades-rurales-para-abordar-necesidades-viales\/","title":{"rendered":"Autoridades municipales y de Vialidad se re\u00fanen con comunidades rurales para abordar necesidades viales"},"content":{"rendered":"<p>Tras su regreso desde Santiago, el alcalde de Ancud, Andr\u00e9s Ojeda, retom\u00f3 su agenda territorial reuni\u00e9ndose con diversas organizaciones del mundo rural, quienes expusieron a las autoridades m\u00faltiples inquietudes que afectan a sus comunidades.<\/p>\n<p>Durante la jornada de este jueves, el jefe comunal, junto al Director Provincial de Vialidad, Gast\u00f3n Werner, el equipo municipal y el concejal Javier C\u00e1rdenas, sostuvieron un encuentro con las comunidades de Belb\u00e9n y Choroihue. En la ocasi\u00f3n, los vecinos solicitaron apoyo para la apertura de un camino vecinal, por lo que se realiz\u00f3 una visita en terreno con el fin de evaluar la factibilidad de dicha iniciativa. Las autoridades se comprometieron a brindar todo el respaldo posible para concretar este proyecto.<\/p>\n<p>Posteriormente, se llev\u00f3 a cabo una segunda reuni\u00f3n con las comunidades de Aguas Buenas y Tantauco, instancia en la que nuevamente participaron el alcalde, el Director Provincial de Vialidad, representantes municipales y el concejal C\u00e1rdenas. En esta reuni\u00f3n se abordaron diversas problem\u00e1ticas relacionadas con el mal estado de los caminos, as\u00ed como tambi\u00e9n la planificaci\u00f3n de futuras obras.<\/p>\n<p>Entre los acuerdos alcanzados, se contempla que la empresa que actualmente extrae \u00e1ridos en el sector realice labores de mantenimiento en la v\u00eda, que haya una mayor fiscalizaci\u00f3n por parte de Vialidad y se contin\u00fae trabajando en el proyecto de asfaltado para el camino que conecta estas localidades, entre otros compromisos.<img loading=\"lazy\" decoding=\"async\" class=\"alignnone size-full wp-image-35553\" src=\"https:\/\/www.muniancud.cl\/portal\/wp-content\/uploads\/2025\/07\/515278907_10238398663448564_5769550148045808261_n.jpg\" alt=\"\" width=\"1600\" height=\"1200\" srcset=\"https:\/\/www.muniancud.cl\/portal\/wp-content\/uploads\/2025\/07\/515278907_10238398663448564_5769550148045808261_n.jpg 1600w, https:\/\/www.muniancud.cl\/portal\/wp-content\/uploads\/2025\/07\/515278907_10238398663448564_5769550148045808261_n-300x225.jpg 300w, https:\/\/www.muniancud.cl\/portal\/wp-content\/uploads\/2025\/07\/515278907_10238398663448564_5769550148045808261_n-1024x768.jpg 1024w, https:\/\/www.muniancud.cl\/portal\/wp-content\/uploads\/2025\/07\/515278907_10238398663448564_5769550148045808261_n-768x576.jpg 768w, https:\/\/www.muniancud.cl\/portal\/wp-content\/uploads\/2025\/07\/515278907_10238398663448564_5769550148045808261_n-1536x1152.jpg 1536w, https:\/\/www.muniancud.cl\/portal\/wp-content\/uploads\/2025\/07\/515278907_10238398663448564_5769550148045808261_n-80x60.jpg 80w, https:\/\/www.muniancud.cl\/portal\/wp-content\/uploads\/2025\/07\/515278907_10238398663448564_5769550148045808261_n-265x198.jpg 265w, https:\/\/www.muniancud.cl\/portal\/wp-content\/uploads\/2025\/07\/515278907_10238398663448564_5769550148045808261_n-696x522.jpg 696w, https:\/\/www.muniancud.cl\/portal\/wp-content\/uploads\/2025\/07\/515278907_10238398663448564_5769550148045808261_n-1068x801.jpg 1068w, https:\/\/www.muniancud.cl\/portal\/wp-content\/uploads\/2025\/07\/515278907_10238398663448564_5769550148045808261_n-560x420.jpg 560w\" sizes=\"auto, (max-width: 1600px) 100vw, 1600px\" \/><\/p>\n","protected":false},"excerpt":{"rendered":"<p>Tras su regreso desde Santiago, el alcalde de Ancud, Andr\u00e9s Ojeda, retom\u00f3 su agenda territorial reuni\u00e9ndose con diversas organizaciones del mundo rural, quienes expusieron a las autoridades m\u00faltiples inquietudes que afectan a sus comunidades. Durante la jornada de este jueves, el jefe comunal, junto al Director Provincial de Vialidad, Gast\u00f3n Werner, el equipo municipal y [&hellip;]<\/p>\n","protected":false},"author":11,"featured_media":35554,"comment_status":"closed","ping_status":"closed","sticky":false,"template":"","format":"standard","meta":{"footnotes":""},"categories":[30,4],"tags":[],"class_list":["post-35552","post","type-post","status-publish","format-standard","has-post-thumbnail","hentry","category-operaciones","category-sala-de-prensa"],"_links":{"self":[{"href":"https:\/\/www.muniancud.cl\/portal\/wp-json\/wp\/v2\/posts\/35552","targetHints":{"allow":["GET"]}}],"collection":[{"href":"https:\/\/www.muniancud.cl\/portal\/wp-json\/wp\/v2\/posts"}],"about":[{"href":"https:\/\/www.muniancud.cl\/portal\/wp-json\/wp\/v2\/types\/post"}],"author":[{"embeddable":true,"href":"https:\/\/www.muniancud.cl\/portal\/wp-json\/wp\/v2\/users\/11"}],"replies":[{"embeddable":true,"href":"https:\/\/www.muniancud.cl\/portal\/wp-json\/wp\/v2\/comments?post=35552"}],"version-history":[{"count":1,"href":"https:\/\/www.muniancud.cl\/portal\/wp-json\/wp\/v2\/posts\/35552\/revisions"}],"predecessor-version":[{"id":35555,"href":"https:\/\/www.muniancud.cl\/portal\/wp-json\/wp\/v2\/posts\/35552\/revisions\/35555"}],"wp:featuredmedia":[{"embeddable":true,"href":"https:\/\/www.muniancud.cl\/portal\/wp-json\/wp\/v2\/media\/35554"}],"wp:attachment":[{"href":"https:\/\/www.muniancud.cl\/portal\/wp-json\/wp\/v2\/media?parent=35552"}],"wp:term":[{"taxonomy":"category","embeddable":true,"href":"https:\/\/www.muniancud.cl\/portal\/wp-json\/wp\/v2\/categories?post=35552"},{"taxonomy":"post_tag","embeddable":true,"href":"https:\/\/www.muniancud.cl\/portal\/wp-json\/wp\/v2\/tags?post=35552"}],"curies":[{"name":"wp","href":"https:\/\/api.w.org\/{rel}","templated":true}]}}