{"id":35556,"date":"2025-07-04T17:33:41","date_gmt":"2025-07-04T21:33:41","guid":{"rendered":"https:\/\/www.muniancud.cl\/portal\/?p=35556"},"modified":"2025-07-04T17:33:41","modified_gmt":"2025-07-04T21:33:41","slug":"nuevo-vehiculo-de-seguridad-publica-se-incorpora-a-patrullajes-en-ancud","status":"publish","type":"post","link":"https:\/\/www.muniancud.cl\/portal\/nuevo-vehiculo-de-seguridad-publica-se-incorpora-a-patrullajes-en-ancud\/","title":{"rendered":"Nuevo veh\u00edculo de Seguridad P\u00fablica se incorpora a patrullajes en Ancud"},"content":{"rendered":"<p>En una ceremonia realizada en la Plaza de Armas de la comuna, se llev\u00f3 a cabo la incorporaci\u00f3n oficial de un nuevo veh\u00edculo destinado a labores de Seguridad P\u00fablica. La actividad cont\u00f3 con la presencia del diputado Fernando B\u00f3rquez, el alcalde Andr\u00e9s Ojeda, los concejales Jaime Chepillo y Javier C\u00e1rdenas, adem\u00e1s de representantes de Carabineros, la Armada, el Consejo Comunal de Organizaciones de la Sociedad Civil (COSOC), juntas de vecinos urbanas y rurales, e invitados especiales.<\/p>\n<p>Con esta nueva adquisici\u00f3n, ya son tres los m\u00f3viles que realizar\u00e1n patrullajes preventivos en diversos sectores de Ancud. Este veh\u00edculo fue financiado en gran parte con recursos municipales y contar\u00e1 con una nueva funcionaria que se desempe\u00f1ar\u00e1 como conductora.<\/p>\n<p>\u201cEl compromiso es claro: seguir avanzando en materia de seguridad. Hoy contamos con m\u00e1s personal y m\u00e1s veh\u00edculos. Este m\u00f3vil fue completamente habilitado, se le instalaron balizas, se\u00f1al\u00e9ticas y ya est\u00e1 operativo en las calles\u201d, se\u00f1al\u00f3 el alcalde Ojeda.<\/p>\n<p>En el marco de estas acciones para reforzar la seguridad comunal, tambi\u00e9n se anunci\u00f3 una inversi\u00f3n de 50 millones de pesos para la adquisici\u00f3n de nuevas c\u00e1maras de vigilancia y la implementaci\u00f3n de un moderno centro de monitoreo, el cual se proyecta instalar en el tercer piso de la Feria Municipal.<\/p>\n<p>\u201cEsto es parte de los compromisos que asumimos y hoy estamos dando cumplimiento a cada uno de ellos\u201d, enfatiz\u00f3 el jefe comunal.<img loading=\"lazy\" decoding=\"async\" class=\"alignnone size-full wp-image-35558\" src=\"https:\/\/www.muniancud.cl\/portal\/wp-content\/uploads\/2025\/07\/5-scaled.jpg\" alt=\"\" width=\"2560\" height=\"1920\" srcset=\"https:\/\/www.muniancud.cl\/portal\/wp-content\/uploads\/2025\/07\/5-scaled.jpg 2560w, https:\/\/www.muniancud.cl\/portal\/wp-content\/uploads\/2025\/07\/5-300x225.jpg 300w, https:\/\/www.muniancud.cl\/portal\/wp-content\/uploads\/2025\/07\/5-1024x768.jpg 1024w, https:\/\/www.muniancud.cl\/portal\/wp-content\/uploads\/2025\/07\/5-768x576.jpg 768w, https:\/\/www.muniancud.cl\/portal\/wp-content\/uploads\/2025\/07\/5-1536x1152.jpg 1536w, https:\/\/www.muniancud.cl\/portal\/wp-content\/uploads\/2025\/07\/5-2048x1536.jpg 2048w, https:\/\/www.muniancud.cl\/portal\/wp-content\/uploads\/2025\/07\/5-80x60.jpg 80w, https:\/\/www.muniancud.cl\/portal\/wp-content\/uploads\/2025\/07\/5-265x198.jpg 265w, https:\/\/www.muniancud.cl\/portal\/wp-content\/uploads\/2025\/07\/5-696x522.jpg 696w, https:\/\/www.muniancud.cl\/portal\/wp-content\/uploads\/2025\/07\/5-1068x801.jpg 1068w, https:\/\/www.muniancud.cl\/portal\/wp-content\/uploads\/2025\/07\/5-560x420.jpg 560w, https:\/\/www.muniancud.cl\/portal\/wp-content\/uploads\/2025\/07\/5-1920x1440.jpg 1920w\" sizes=\"auto, (max-width: 2560px) 100vw, 2560px\" \/><\/p>\n","protected":false},"excerpt":{"rendered":"<p>En una ceremonia realizada en la Plaza de Armas de la comuna, se llev\u00f3 a cabo la incorporaci\u00f3n oficial de un nuevo veh\u00edculo destinado a labores de Seguridad P\u00fablica. La actividad cont\u00f3 con la presencia del diputado Fernando B\u00f3rquez, el alcalde Andr\u00e9s Ojeda, los concejales Jaime Chepillo y Javier C\u00e1rdenas, adem\u00e1s de representantes de Carabineros, [&hellip;]<\/p>\n","protected":false},"author":11,"featured_media":35557,"comment_status":"closed","ping_status":"closed","sticky":false,"template":"","format":"standard","meta":{"footnotes":""},"categories":[4,31],"tags":[],"class_list":["post-35556","post","type-post","status-publish","format-standard","has-post-thumbnail","hentry","category-sala-de-prensa","category-seguridad-publica"],"_links":{"self":[{"href":"https:\/\/www.muniancud.cl\/portal\/wp-json\/wp\/v2\/posts\/35556","targetHints":{"allow":["GET"]}}],"collection":[{"href":"https:\/\/www.muniancud.cl\/portal\/wp-json\/wp\/v2\/posts"}],"about":[{"href":"https:\/\/www.muniancud.cl\/portal\/wp-json\/wp\/v2\/types\/post"}],"author":[{"embeddable":true,"href":"https:\/\/www.muniancud.cl\/portal\/wp-json\/wp\/v2\/users\/11"}],"replies":[{"embeddable":true,"href":"https:\/\/www.muniancud.cl\/portal\/wp-json\/wp\/v2\/comments?post=35556"}],"version-history":[{"count":1,"href":"https:\/\/www.muniancud.cl\/portal\/wp-json\/wp\/v2\/posts\/35556\/revisions"}],"predecessor-version":[{"id":35559,"href":"https:\/\/www.muniancud.cl\/portal\/wp-json\/wp\/v2\/posts\/35556\/revisions\/35559"}],"wp:featuredmedia":[{"embeddable":true,"href":"https:\/\/www.muniancud.cl\/portal\/wp-json\/wp\/v2\/media\/35557"}],"wp:attachment":[{"href":"https:\/\/www.muniancud.cl\/portal\/wp-json\/wp\/v2\/media?parent=35556"}],"wp:term":[{"taxonomy":"category","embeddable":true,"href":"https:\/\/www.muniancud.cl\/portal\/wp-json\/wp\/v2\/categories?post=35556"},{"taxonomy":"post_tag","embeddable":true,"href":"https:\/\/www.muniancud.cl\/portal\/wp-json\/wp\/v2\/tags?post=35556"}],"curies":[{"name":"wp","href":"https:\/\/api.w.org\/{rel}","templated":true}]}}