{"id":35569,"date":"2025-07-07T11:28:22","date_gmt":"2025-07-07T15:28:22","guid":{"rendered":"https:\/\/www.muniancud.cl\/portal\/?p=35569"},"modified":"2025-07-07T11:30:11","modified_gmt":"2025-07-07T15:30:11","slug":"fiscalizacion-por-tenencia-responsable-de-mascotas-y-problematicas-ambientales","status":"publish","type":"post","link":"https:\/\/www.muniancud.cl\/portal\/fiscalizacion-por-tenencia-responsable-de-mascotas-y-problematicas-ambientales\/","title":{"rendered":"Fiscalizaci\u00f3n por Tenencia Responsable de Mascotas y Problem\u00e1ticas Ambientales"},"content":{"rendered":"<p>La Oficina de Inspecci\u00f3n Ambiental, en coordinaci\u00f3n con Seguridad P\u00fablica, desarroll\u00f3 durante la semana del 1 al 4 de julio diversas acciones en el marco del trabajo de fiscalizaci\u00f3n y educaci\u00f3n sobre tenencia responsable de mascotas y tem\u00e1ticas ambientales en diferentes sectores de la comuna.<\/p>\n<ul>\n<li data-start=\"401\" data-end=\"616\"><strong data-start=\"401\" data-end=\"423\">Martes 1 de julio:<\/strong> Se realiz\u00f3 un recorrido por la Poblaci\u00f3n In\u00e9s de Baz\u00e1n junto a personal de Seguridad P\u00fablica, con el fin de identificar factores de riesgo y problem\u00e1ticas ambientales presentes en el sector.<\/li>\n<li data-start=\"619\" data-end=\"860\"><strong data-start=\"619\" data-end=\"644\">Mi\u00e9rcoles 2 de julio:<\/strong> Se atendi\u00f3 una denuncia por abandono de mascota. En el lugar, se constat\u00f3 la presencia de un animal en evidente estado de desnutrici\u00f3n, lo que motiv\u00f3 el inicio de las gestiones correspondientes para su protecci\u00f3n.<\/li>\n<li data-start=\"863\" data-end=\"1161\"><strong data-start=\"863\" data-end=\"885\">Jueves 3 de julio:<\/strong> Se abord\u00f3 una problem\u00e1tica vinculada a la disposici\u00f3n inadecuada de residuos domiciliarios. Durante la visita, se entreg\u00f3 informaci\u00f3n y orientaci\u00f3n a los vecinos sobre la correcta presentaci\u00f3n de la basura, de acuerdo con lo establecido en la <strong data-start=\"1129\" data-end=\"1158\">Ordenanza Municipal N\u00b0 12<\/strong>.<\/li>\n<li data-start=\"1164\" data-end=\"1474\"><strong data-start=\"1164\" data-end=\"1187\">Viernes 4 de julio:<\/strong> Se respondi\u00f3 a una situaci\u00f3n de tenencia irresponsable de mascotas. En terreno, se motiv\u00f3 a los propietarios a cumplir con sus deberes establecidos en la <strong data-start=\"1342\" data-end=\"1371\">Ordenanza Municipal N\u00b0 14<\/strong>, haciendo \u00e9nfasis en el bienestar animal y la importancia de una convivencia arm\u00f3nica en la comunidad.<\/li>\n<\/ul>\n<p data-start=\"1476\" data-end=\"1718\" data-is-last-node=\"\" data-is-only-node=\"\">Estas acciones buscan promover una mayor conciencia ciudadana respecto al cuidado del entorno y la responsabilidad que implica la tenencia de animales, contribuyendo al mejoramiento de la calidad de vida en los distintos barrios de la comuna.<\/p>\n<p><img loading=\"lazy\" decoding=\"async\" class=\"alignnone size-full wp-image-35570\" src=\"https:\/\/www.muniancud.cl\/portal\/wp-content\/uploads\/2025\/07\/Miercoles-02_07_2.jpeg\" alt=\"\" width=\"1600\" height=\"738\" srcset=\"https:\/\/www.muniancud.cl\/portal\/wp-content\/uploads\/2025\/07\/Miercoles-02_07_2.jpeg 1600w, https:\/\/www.muniancud.cl\/portal\/wp-content\/uploads\/2025\/07\/Miercoles-02_07_2-300x138.jpeg 300w, https:\/\/www.muniancud.cl\/portal\/wp-content\/uploads\/2025\/07\/Miercoles-02_07_2-1024x472.jpeg 1024w, https:\/\/www.muniancud.cl\/portal\/wp-content\/uploads\/2025\/07\/Miercoles-02_07_2-768x354.jpeg 768w, https:\/\/www.muniancud.cl\/portal\/wp-content\/uploads\/2025\/07\/Miercoles-02_07_2-1536x708.jpeg 1536w, https:\/\/www.muniancud.cl\/portal\/wp-content\/uploads\/2025\/07\/Miercoles-02_07_2-696x321.jpeg 696w, https:\/\/www.muniancud.cl\/portal\/wp-content\/uploads\/2025\/07\/Miercoles-02_07_2-1068x493.jpeg 1068w, https:\/\/www.muniancud.cl\/portal\/wp-content\/uploads\/2025\/07\/Miercoles-02_07_2-911x420.jpeg 911w\" sizes=\"auto, (max-width: 1600px) 100vw, 1600px\" \/><\/p>\n","protected":false},"excerpt":{"rendered":"<p>La Oficina de Inspecci\u00f3n Ambiental, en coordinaci\u00f3n con Seguridad P\u00fablica, desarroll\u00f3 durante la semana del 1 al 4 de julio diversas acciones en el marco del trabajo de fiscalizaci\u00f3n y educaci\u00f3n sobre tenencia responsable de mascotas y tem\u00e1ticas ambientales en diferentes sectores de la comuna. Martes 1 de julio: Se realiz\u00f3 un recorrido por la [&hellip;]<\/p>\n","protected":false},"author":11,"featured_media":35571,"comment_status":"closed","ping_status":"closed","sticky":false,"template":"","format":"standard","meta":{"footnotes":""},"categories":[41,4,31],"tags":[],"class_list":["post-35569","post","type-post","status-publish","format-standard","has-post-thumbnail","hentry","category-ordenanzas","category-sala-de-prensa","category-seguridad-publica"],"_links":{"self":[{"href":"https:\/\/www.muniancud.cl\/portal\/wp-json\/wp\/v2\/posts\/35569","targetHints":{"allow":["GET"]}}],"collection":[{"href":"https:\/\/www.muniancud.cl\/portal\/wp-json\/wp\/v2\/posts"}],"about":[{"href":"https:\/\/www.muniancud.cl\/portal\/wp-json\/wp\/v2\/types\/post"}],"author":[{"embeddable":true,"href":"https:\/\/www.muniancud.cl\/portal\/wp-json\/wp\/v2\/users\/11"}],"replies":[{"embeddable":true,"href":"https:\/\/www.muniancud.cl\/portal\/wp-json\/wp\/v2\/comments?post=35569"}],"version-history":[{"count":2,"href":"https:\/\/www.muniancud.cl\/portal\/wp-json\/wp\/v2\/posts\/35569\/revisions"}],"predecessor-version":[{"id":35573,"href":"https:\/\/www.muniancud.cl\/portal\/wp-json\/wp\/v2\/posts\/35569\/revisions\/35573"}],"wp:featuredmedia":[{"embeddable":true,"href":"https:\/\/www.muniancud.cl\/portal\/wp-json\/wp\/v2\/media\/35571"}],"wp:attachment":[{"href":"https:\/\/www.muniancud.cl\/portal\/wp-json\/wp\/v2\/media?parent=35569"}],"wp:term":[{"taxonomy":"category","embeddable":true,"href":"https:\/\/www.muniancud.cl\/portal\/wp-json\/wp\/v2\/categories?post=35569"},{"taxonomy":"post_tag","embeddable":true,"href":"https:\/\/www.muniancud.cl\/portal\/wp-json\/wp\/v2\/tags?post=35569"}],"curies":[{"name":"wp","href":"https:\/\/api.w.org\/{rel}","templated":true}]}}