{"id":35576,"date":"2025-07-07T15:08:57","date_gmt":"2025-07-07T19:08:57","guid":{"rendered":"https:\/\/www.muniancud.cl\/portal\/?p=35576"},"modified":"2025-07-07T15:09:57","modified_gmt":"2025-07-07T19:09:57","slug":"exito-total-en-la-xvi-version-del-encuentro-chilote-en-santiago","status":"publish","type":"post","link":"https:\/\/www.muniancud.cl\/portal\/exito-total-en-la-xvi-version-del-encuentro-chilote-en-santiago\/","title":{"rendered":"\u00c9xito total en la XVI versi\u00f3n del Encuentro Chilote en Santiago"},"content":{"rendered":"<p>Como todo un \u00e9xito fue catalogada la d\u00e9cima sexta versi\u00f3n del Encuentro Chilote, una destacada feria cultural y gastron\u00f3mica que reuni\u00f3 lo mejor de Chilo\u00e9 en Santiago.<br data-start=\"345\" data-end=\"348\" \/>El evento, organizado por Aldea El Encuentro, cont\u00f3 con la activa participaci\u00f3n del Departamento de Turismo de la Municipalidad de Ancud, que gestion\u00f3 la presencia de artesanos, productores y cociner\u00edas locales.<\/p>\n<p data-start=\"561\" data-end=\"1120\">M\u00e1s de 40 expositores dieron vida a esta tradicional muestra desarrollada en la comuna de La Reina. Seg\u00fan relat\u00f3 Juana Roble, una de las participantes:<br data-start=\"712\" data-end=\"715\" \/>\u201cFueron tres d\u00edas maravillosos de exposici\u00f3n de nuestros emprendedores y artesanos. La gente qued\u00f3 fascinada en La Reina, en Santiago. Todo estuvo muy bien organizado por la oficina de turismo. Fue una experiencia maravillosa, as\u00ed que espero que se vuelva a repetir. Agradezco al alcalde y a toda la gente que nos apoy\u00f3 y acompa\u00f1\u00f3, porque, gracias a Dios, todos lograron vender sus productos\u201d, puntualiz\u00f3.<\/p>\n<p data-start=\"1122\" data-end=\"1508\">Por su parte, Claudio Thimeos, encargado de la Oficina de Turismo Municipal, destac\u00f3 el impacto positivo del encuentro en la capital:<br data-start=\"1255\" data-end=\"1258\" \/>\u201cFue bastante positivo. Sacamos muchas cosas buenas del viaje. La promoci\u00f3n que realizamos fue muy efectiva, ya que logramos posicionar a Ancud en un espacio tur\u00edstico de alto atractivo, especialmente para las personas que vienen del norte del pa\u00eds\u201d.<\/p>\n<p data-start=\"1510\" data-end=\"2175\">El alcalde de Ancud, Andr\u00e9s Ojeda, valor\u00f3 la instancia como parte fundamental de los lineamientos de su administraci\u00f3n en torno al fomento del turismo:<br data-start=\"1661\" data-end=\"1664\" \/>\u201cEn nuestra administraci\u00f3n hemos participado por primera vez en una feria fuera de la comuna, y lo hicimos poniendo a disposici\u00f3n el bus municipal, recursos humanos y, sobre todo, promoviendo esta mixtura entre lo p\u00fablico y lo privado. Hubo un proceso transparente para seleccionar a los emprendedores que participar\u00edan. Las primeras conclusiones indican que ha sido todo un \u00e9xito, pero nos reuniremos para evaluar los aspectos positivos y tambi\u00e9n aquellas observaciones que puedan ayudarnos a mejorar\u201d, indic\u00f3.<img loading=\"lazy\" decoding=\"async\" class=\"alignnone size-full wp-image-35577\" src=\"https:\/\/www.muniancud.cl\/portal\/wp-content\/uploads\/2025\/07\/WhatsApp-Image-2025-07-07-at-12.29.58-PM-1.jpeg\" alt=\"\" width=\"1290\" height=\"948\" srcset=\"https:\/\/www.muniancud.cl\/portal\/wp-content\/uploads\/2025\/07\/WhatsApp-Image-2025-07-07-at-12.29.58-PM-1.jpeg 1290w, https:\/\/www.muniancud.cl\/portal\/wp-content\/uploads\/2025\/07\/WhatsApp-Image-2025-07-07-at-12.29.58-PM-1-300x220.jpeg 300w, https:\/\/www.muniancud.cl\/portal\/wp-content\/uploads\/2025\/07\/WhatsApp-Image-2025-07-07-at-12.29.58-PM-1-1024x753.jpeg 1024w, https:\/\/www.muniancud.cl\/portal\/wp-content\/uploads\/2025\/07\/WhatsApp-Image-2025-07-07-at-12.29.58-PM-1-768x564.jpeg 768w, https:\/\/www.muniancud.cl\/portal\/wp-content\/uploads\/2025\/07\/WhatsApp-Image-2025-07-07-at-12.29.58-PM-1-80x60.jpeg 80w, https:\/\/www.muniancud.cl\/portal\/wp-content\/uploads\/2025\/07\/WhatsApp-Image-2025-07-07-at-12.29.58-PM-1-696x511.jpeg 696w, https:\/\/www.muniancud.cl\/portal\/wp-content\/uploads\/2025\/07\/WhatsApp-Image-2025-07-07-at-12.29.58-PM-1-1068x785.jpeg 1068w, https:\/\/www.muniancud.cl\/portal\/wp-content\/uploads\/2025\/07\/WhatsApp-Image-2025-07-07-at-12.29.58-PM-1-572x420.jpeg 572w\" sizes=\"auto, (max-width: 1290px) 100vw, 1290px\" \/><\/p>\n","protected":false},"excerpt":{"rendered":"<p>Como todo un \u00e9xito fue catalogada la d\u00e9cima sexta versi\u00f3n del Encuentro Chilote, una destacada feria cultural y gastron\u00f3mica que reuni\u00f3 lo mejor de Chilo\u00e9 en Santiago.El evento, organizado por Aldea El Encuentro, cont\u00f3 con la activa participaci\u00f3n del Departamento de Turismo de la Municipalidad de Ancud, que gestion\u00f3 la presencia de artesanos, productores y [&hellip;]<\/p>\n","protected":false},"author":11,"featured_media":35578,"comment_status":"closed","ping_status":"closed","sticky":false,"template":"","format":"standard","meta":{"footnotes":""},"categories":[4,36],"tags":[],"class_list":["post-35576","post","type-post","status-publish","format-standard","has-post-thumbnail","hentry","category-sala-de-prensa","category-turismo"],"_links":{"self":[{"href":"https:\/\/www.muniancud.cl\/portal\/wp-json\/wp\/v2\/posts\/35576","targetHints":{"allow":["GET"]}}],"collection":[{"href":"https:\/\/www.muniancud.cl\/portal\/wp-json\/wp\/v2\/posts"}],"about":[{"href":"https:\/\/www.muniancud.cl\/portal\/wp-json\/wp\/v2\/types\/post"}],"author":[{"embeddable":true,"href":"https:\/\/www.muniancud.cl\/portal\/wp-json\/wp\/v2\/users\/11"}],"replies":[{"embeddable":true,"href":"https:\/\/www.muniancud.cl\/portal\/wp-json\/wp\/v2\/comments?post=35576"}],"version-history":[{"count":1,"href":"https:\/\/www.muniancud.cl\/portal\/wp-json\/wp\/v2\/posts\/35576\/revisions"}],"predecessor-version":[{"id":35579,"href":"https:\/\/www.muniancud.cl\/portal\/wp-json\/wp\/v2\/posts\/35576\/revisions\/35579"}],"wp:featuredmedia":[{"embeddable":true,"href":"https:\/\/www.muniancud.cl\/portal\/wp-json\/wp\/v2\/media\/35578"}],"wp:attachment":[{"href":"https:\/\/www.muniancud.cl\/portal\/wp-json\/wp\/v2\/media?parent=35576"}],"wp:term":[{"taxonomy":"category","embeddable":true,"href":"https:\/\/www.muniancud.cl\/portal\/wp-json\/wp\/v2\/categories?post=35576"},{"taxonomy":"post_tag","embeddable":true,"href":"https:\/\/www.muniancud.cl\/portal\/wp-json\/wp\/v2\/tags?post=35576"}],"curies":[{"name":"wp","href":"https:\/\/api.w.org\/{rel}","templated":true}]}}