{"id":36038,"date":"2025-10-15T16:37:46","date_gmt":"2025-10-15T19:37:46","guid":{"rendered":"https:\/\/www.muniancud.cl\/portal\/?p=36038"},"modified":"2025-10-15T16:37:46","modified_gmt":"2025-10-15T19:37:46","slug":"20-funcionarios-mas-seran-traspasados-al-slep-chiloe","status":"publish","type":"post","link":"https:\/\/www.muniancud.cl\/portal\/20-funcionarios-mas-seran-traspasados-al-slep-chiloe\/","title":{"rendered":"20 funcionarios m\u00e1s ser\u00e1n traspasados al Slep Chilo\u00e9"},"content":{"rendered":"<p>En una jornada clave para la educaci\u00f3n de Ancud, el alcalde Andr\u00e9s Ojeda, junto a la Corporaci\u00f3n Municipal de Educaci\u00f3n y acompa\u00f1ado por el concejal Andr\u00e9s Ib\u00e1\u00f1ez, Jaime Chepillo y Javier C\u00e1rdenas, inform\u00f3 desde Santiago un importante avance en la soluci\u00f3n de los casos de funcionarios \u201cno reconocidos\u201d en el proceso de traspaso al Servicio Local de Educaci\u00f3n P\u00fablica (SLEP) Chilo\u00e9.<\/p>\n<p>Luego de m\u00faltiples gestiones y reuniones con el Director Nacional de Educaci\u00f3n P\u00fablica, se logr\u00f3 el reconocimiento y traspaso de 20 funcionarios m\u00e1s al SLEP Chilo\u00e9. Con este avance, de los 33 casos heredados en condici\u00f3n irregular, s\u00f3lo restan 6 por resolver, por los cuales se continuar\u00e1 trabajando con la misma firmeza.<\/p>\n<p>El conflicto se remonta al proceso de implementaci\u00f3n de la Nueva Educaci\u00f3n P\u00fablica, cuando se traspasaron las funciones educativas desde los municipios al SLEP Chilo\u00e9. Durante este proceso, 33 funcionarios de Ancud quedaron fuera del traspaso, al no ser reconocidos por el nuevo servicio, pese a contar con a\u00f1os de servicio en establecimientos educacionales municipales.<\/p>\n<p>Esta situaci\u00f3n gener\u00f3 incertidumbre laboral, afectaci\u00f3n emocional y financiera, tanto para los trabajadores como para sus familias, adem\u00e1s de un impacto presupuestario para la Municipalidad, que debi\u00f3 seguir asumiendo esos costos sin respaldo estatal.<\/p>\n<p>Este logro devuelve la dignidad y hace justicia con trabajadores de la educaci\u00f3n que durante mucho tiempo se encontraron en una situaci\u00f3n de abandono institucional. Adem\u00e1s, representa un ahorro estimado de 2.000 millones de pesos en tres a\u00f1os para las arcas municipales, lo que permitir\u00e1 redirigir recursos hacia otras necesidades urgentes de la comuna.<\/p>\n<p>El alcalde Andr\u00e9s Ojeda expres\u00f3; \u201ceste es un avance significativo no solo en lo administrativo, sino tambi\u00e9n en lo humano. Estos funcionarios no pod\u00edan seguir esperando. Este es un acto de justicia y un reconocimiento a su labor\u201d, acot\u00f3.<\/p>\n<p>Adem\u00e1s el edil agradeci\u00f3 el compromiso y la colaboraci\u00f3n de los Gremios de Educaci\u00f3n de Ancud y Chilo\u00e9, del equipo de la Corporaci\u00f3n Municipal, del Concejo Municipal y de todas las personas que han sido parte de este proceso.<\/p>\n<p>Desde la Municipalidad de Ancud reafirmamos nuestro compromiso con los trabajadores de la educaci\u00f3n y seguiremos gestionando hasta que todos los casos pendientes encuentren una soluci\u00f3n definitiva.<\/p>\n<p><img loading=\"lazy\" decoding=\"async\" class=\"alignnone size-full wp-image-36040\" src=\"https:\/\/www.muniancud.cl\/portal\/wp-content\/uploads\/2025\/10\/563469722_10240068020821455_3136575095035159108_n-1.jpg\" alt=\"\" width=\"2048\" height=\"1536\" \/><\/p>\n","protected":false},"excerpt":{"rendered":"<p>En una jornada clave para la educaci\u00f3n de Ancud, el alcalde Andr\u00e9s Ojeda, junto a la Corporaci\u00f3n Municipal de Educaci\u00f3n y acompa\u00f1ado por el concejal Andr\u00e9s Ib\u00e1\u00f1ez, Jaime Chepillo y Javier C\u00e1rdenas, inform\u00f3 desde Santiago un importante avance en la soluci\u00f3n de los casos de funcionarios \u201cno reconocidos\u201d en el proceso de traspaso al Servicio [&hellip;]<\/p>\n","protected":false},"author":11,"featured_media":36039,"comment_status":"closed","ping_status":"closed","sticky":false,"template":"","format":"standard","meta":{"footnotes":""},"categories":[27,25,4],"tags":[],"class_list":["post-36038","post","type-post","status-publish","format-standard","has-post-thumbnail","hentry","category-dideco","category-educacion","category-sala-de-prensa"],"_links":{"self":[{"href":"https:\/\/www.muniancud.cl\/portal\/wp-json\/wp\/v2\/posts\/36038","targetHints":{"allow":["GET"]}}],"collection":[{"href":"https:\/\/www.muniancud.cl\/portal\/wp-json\/wp\/v2\/posts"}],"about":[{"href":"https:\/\/www.muniancud.cl\/portal\/wp-json\/wp\/v2\/types\/post"}],"author":[{"embeddable":true,"href":"https:\/\/www.muniancud.cl\/portal\/wp-json\/wp\/v2\/users\/11"}],"replies":[{"embeddable":true,"href":"https:\/\/www.muniancud.cl\/portal\/wp-json\/wp\/v2\/comments?post=36038"}],"version-history":[{"count":1,"href":"https:\/\/www.muniancud.cl\/portal\/wp-json\/wp\/v2\/posts\/36038\/revisions"}],"predecessor-version":[{"id":36041,"href":"https:\/\/www.muniancud.cl\/portal\/wp-json\/wp\/v2\/posts\/36038\/revisions\/36041"}],"wp:featuredmedia":[{"embeddable":true,"href":"https:\/\/www.muniancud.cl\/portal\/wp-json\/wp\/v2\/media\/36039"}],"wp:attachment":[{"href":"https:\/\/www.muniancud.cl\/portal\/wp-json\/wp\/v2\/media?parent=36038"}],"wp:term":[{"taxonomy":"category","embeddable":true,"href":"https:\/\/www.muniancud.cl\/portal\/wp-json\/wp\/v2\/categories?post=36038"},{"taxonomy":"post_tag","embeddable":true,"href":"https:\/\/www.muniancud.cl\/portal\/wp-json\/wp\/v2\/tags?post=36038"}],"curies":[{"name":"wp","href":"https:\/\/api.w.org\/{rel}","templated":true}]}}