{"id":36047,"date":"2025-10-20T09:36:32","date_gmt":"2025-10-20T12:36:32","guid":{"rendered":"https:\/\/www.muniancud.cl\/portal\/?p=36047"},"modified":"2025-10-20T09:36:32","modified_gmt":"2025-10-20T12:36:32","slug":"municipalidad-de-ancud-participa-en-la-2a-feria-inclusiva-de-quemchi","status":"publish","type":"post","link":"https:\/\/www.muniancud.cl\/portal\/municipalidad-de-ancud-participa-en-la-2a-feria-inclusiva-de-quemchi\/","title":{"rendered":"Municipalidad de Ancud participa en la 2\u00aa Feria Inclusiva de Quemchi"},"content":{"rendered":"<p>La Oficina de la Discapacidad de la Ilustre Municipalidad de Ancud particip\u00f3 activamente en la segunda versi\u00f3n de la Feria Inclusiva de la comuna de Quemchi, un espacio que reuni\u00f3 a emprendedores en situaci\u00f3n de discapacidad y diversas agrupaciones locales dedicadas a la inclusi\u00f3n social.<\/p>\n<p data-start=\"524\" data-end=\"1029\">Durante la jornada, se cont\u00f3 con la destacada presencia del Taller de Adultos con S\u00edndrome de Down \u201cSonrisas de \u00c1ngeles\u201d, cuyos integrantes no solo presentaron sus trabajos elaborados en tela reciclada y t\u00e9cnicas de sublimaci\u00f3n, sino que tambi\u00e9n realizaron una emotiva presentaci\u00f3n art\u00edstica. Esta intervenci\u00f3n evidenci\u00f3 el compromiso tanto de la profesora a cargo como de los apoderados en fomentar la participaci\u00f3n activa e integraci\u00f3n de los adultos en situaci\u00f3n de discapacidad dentro de la comunidad.<\/p>\n<p data-start=\"1031\" data-end=\"1297\">Marta Alvarado, docente del taller \u201cSonrisas de \u00c1ngeles\u201d, expres\u00f3 su gratitud hacia las municipalidades de Ancud y Quemchi, resaltando que este tipo de actividades promueven la sensibilizaci\u00f3n ciudadana y contribuyen al fortalecimiento de una sociedad m\u00e1s inclusiva.<\/p>\n<p data-start=\"1299\" data-end=\"1615\">Asimismo, Leticia Herrera, artesana con discapacidad, valor\u00f3 la oportunidad de haber sido considerada en esta feria. \u201cEstas instancias nos permiten compartir nuestras experiencias y demostrar que, m\u00e1s all\u00e1 de nuestras condiciones, podemos aportar de manera significativa a nuestras familias y a la sociedad\u201d, se\u00f1al\u00f3.<\/p>\n<p data-start=\"1617\" data-end=\"1834\">La actividad fue un espacio de encuentro, visibilizaci\u00f3n y fomento del desarrollo inclusivo, consolid\u00e1ndose como una importante vitrina para el talento y esfuerzo de personas en situaci\u00f3n de discapacidad de la regi\u00f3n.<\/p>\n<p data-start=\"1617\" data-end=\"1834\"><img loading=\"lazy\" decoding=\"async\" class=\"alignnone size-full wp-image-36049\" src=\"https:\/\/www.muniancud.cl\/portal\/wp-content\/uploads\/2025\/10\/WhatsApp-Image-2025-10-18-at-20.24.26-1.jpeg\" alt=\"\" width=\"963\" height=\"1280\" \/><\/p>\n","protected":false},"excerpt":{"rendered":"<p>La Oficina de la Discapacidad de la Ilustre Municipalidad de Ancud particip\u00f3 activamente en la segunda versi\u00f3n de la Feria Inclusiva de la comuna de Quemchi, un espacio que reuni\u00f3 a emprendedores en situaci\u00f3n de discapacidad y diversas agrupaciones locales dedicadas a la inclusi\u00f3n social. Durante la jornada, se cont\u00f3 con la destacada presencia del [&hellip;]<\/p>\n","protected":false},"author":11,"featured_media":36048,"comment_status":"closed","ping_status":"closed","sticky":false,"template":"","format":"standard","meta":{"footnotes":""},"categories":[27,4],"tags":[],"class_list":["post-36047","post","type-post","status-publish","format-standard","has-post-thumbnail","hentry","category-dideco","category-sala-de-prensa"],"_links":{"self":[{"href":"https:\/\/www.muniancud.cl\/portal\/wp-json\/wp\/v2\/posts\/36047","targetHints":{"allow":["GET"]}}],"collection":[{"href":"https:\/\/www.muniancud.cl\/portal\/wp-json\/wp\/v2\/posts"}],"about":[{"href":"https:\/\/www.muniancud.cl\/portal\/wp-json\/wp\/v2\/types\/post"}],"author":[{"embeddable":true,"href":"https:\/\/www.muniancud.cl\/portal\/wp-json\/wp\/v2\/users\/11"}],"replies":[{"embeddable":true,"href":"https:\/\/www.muniancud.cl\/portal\/wp-json\/wp\/v2\/comments?post=36047"}],"version-history":[{"count":1,"href":"https:\/\/www.muniancud.cl\/portal\/wp-json\/wp\/v2\/posts\/36047\/revisions"}],"predecessor-version":[{"id":36050,"href":"https:\/\/www.muniancud.cl\/portal\/wp-json\/wp\/v2\/posts\/36047\/revisions\/36050"}],"wp:featuredmedia":[{"embeddable":true,"href":"https:\/\/www.muniancud.cl\/portal\/wp-json\/wp\/v2\/media\/36048"}],"wp:attachment":[{"href":"https:\/\/www.muniancud.cl\/portal\/wp-json\/wp\/v2\/media?parent=36047"}],"wp:term":[{"taxonomy":"category","embeddable":true,"href":"https:\/\/www.muniancud.cl\/portal\/wp-json\/wp\/v2\/categories?post=36047"},{"taxonomy":"post_tag","embeddable":true,"href":"https:\/\/www.muniancud.cl\/portal\/wp-json\/wp\/v2\/tags?post=36047"}],"curies":[{"name":"wp","href":"https:\/\/api.w.org\/{rel}","templated":true}]}}