{"id":36103,"date":"2025-10-27T17:25:17","date_gmt":"2025-10-27T20:25:17","guid":{"rendered":"https:\/\/www.muniancud.cl\/portal\/?p=36103"},"modified":"2025-10-27T17:25:17","modified_gmt":"2025-10-27T20:25:17","slug":"controlan-incendio-forestal-en-el-huaihuen","status":"publish","type":"post","link":"https:\/\/www.muniancud.cl\/portal\/controlan-incendio-forestal-en-el-huaihuen\/","title":{"rendered":"Controlan Incendio Forestal en el \u201cHuaihu\u00e9n\u201d"},"content":{"rendered":"<p>De acuerdo con la informaci\u00f3n proporcionada por la Corporaci\u00f3n Nacional Forestal (CONAF), el incendio forestal afect\u00f3 una superficie aproximada de 0,01 hect\u00e1rea en el cerro Huaihu\u00e9n. Este siniestro present\u00f3 amenaza inminente a personas y viviendas.<\/p>\n<p>Seg\u00fan el reporte emitido a las 14:55, el incendio se encontraba retenido, no controlado, y en el lugar trabajaron tres carros de emergencia, incluido el de la localidad de Chacao.<\/p>\n<p>En atenci\u00f3n a estos antecedentes t\u00e9cnicos y en coordinaci\u00f3n con la Delegaci\u00f3n Presidencial Regional de Los Lagos, la Direcci\u00f3n Regional del SENAPRED Los Lagos ha declarado Alerta Roja para la comuna de Ancud, medida que se mantendr\u00e1 vigente a partir de ayer y hasta que las condiciones as\u00ed lo ameriten.<\/p>\n<p>Los equipos de Bomberos y de la Corporaci\u00f3n Nacional Forestal (CONAF) siguieron trabajando intensamente para controlar el incendio que afecta las inmediaciones de Villa San<\/p>\n<p>El alcalde de Ancud, Andr\u00e9s Ojeda, valor\u00f3 el arduo trabajo de bomberos y del personal de CONAF, que recientemente se uni\u00f3 con su contingente para combatir el incendio forestal que afecta sectores rurales de la comuna.<\/p>\n<p>\u201cQueremos agradecer a bomberos por el tremendo trabajo que han desarrollado. Ahora, con la llegada de CONAF y su maquinaria, se comenz\u00f3 la remoci\u00f3n de material y continuar las labores en terreno\u201d, se\u00f1al\u00f3 el jefe comunal.<\/p>\n<p>Ojeda record\u00f3 que el municipio hab\u00eda ejecutado cortafuegos en diciembre del a\u00f1o pasado, medida que, seg\u00fan indic\u00f3,\u00a0 result\u00f3 clave para contener el avance de las llamas.<\/p>\n<p>\u201cEl fuego lleg\u00f3 hasta nuestros cortafuegos, lo que demuestra que esa planificaci\u00f3n ayud\u00f3 bastante en esta emergencia\u201d, afirm\u00f3.<\/p>\n<p>El alcalde detall\u00f3 adem\u00e1s que este a\u00f1o el municipio decidi\u00f3 adelantar los trabajos preventivos, iniciando la planificaci\u00f3n de cortafuegos desde noviembre, un mes antes que en 2024. Estas labores se coordinan entre el equipo de emergencia y el departamento de operaciones municipales.<\/p>\n<p>Finalmente, Ojeda expres\u00f3 su esperanza de que la situaci\u00f3n no se agrave; \u201cesperamos que esto no trascienda m\u00e1s all\u00e1 de la emergencia que hemos tenido hasta el momento y que, con todos los equipos trabajando, no tengamos mayores dificultades\u201d.<\/p>\n<p><img loading=\"lazy\" decoding=\"async\" class=\"alignnone size-full wp-image-36105\" src=\"https:\/\/www.muniancud.cl\/portal\/wp-content\/uploads\/2025\/10\/WhatsApp-Image-2025-10-27-at-15.37.02-1.jpeg\" alt=\"\" width=\"1024\" height=\"768\" srcset=\"https:\/\/www.muniancud.cl\/portal\/wp-content\/uploads\/2025\/10\/WhatsApp-Image-2025-10-27-at-15.37.02-1.jpeg 1024w, https:\/\/www.muniancud.cl\/portal\/wp-content\/uploads\/2025\/10\/WhatsApp-Image-2025-10-27-at-15.37.02-1-300x225.jpeg 300w, https:\/\/www.muniancud.cl\/portal\/wp-content\/uploads\/2025\/10\/WhatsApp-Image-2025-10-27-at-15.37.02-1-768x576.jpeg 768w, https:\/\/www.muniancud.cl\/portal\/wp-content\/uploads\/2025\/10\/WhatsApp-Image-2025-10-27-at-15.37.02-1-80x60.jpeg 80w, https:\/\/www.muniancud.cl\/portal\/wp-content\/uploads\/2025\/10\/WhatsApp-Image-2025-10-27-at-15.37.02-1-265x198.jpeg 265w, https:\/\/www.muniancud.cl\/portal\/wp-content\/uploads\/2025\/10\/WhatsApp-Image-2025-10-27-at-15.37.02-1-696x522.jpeg 696w, https:\/\/www.muniancud.cl\/portal\/wp-content\/uploads\/2025\/10\/WhatsApp-Image-2025-10-27-at-15.37.02-1-560x420.jpeg 560w\" sizes=\"auto, (max-width: 1024px) 100vw, 1024px\" \/><\/p>\n","protected":false},"excerpt":{"rendered":"<p>De acuerdo con la informaci\u00f3n proporcionada por la Corporaci\u00f3n Nacional Forestal (CONAF), el incendio forestal afect\u00f3 una superficie aproximada de 0,01 hect\u00e1rea en el cerro Huaihu\u00e9n. Este siniestro present\u00f3 amenaza inminente a personas y viviendas. Seg\u00fan el reporte emitido a las 14:55, el incendio se encontraba retenido, no controlado, y en el lugar trabajaron tres [&hellip;]<\/p>\n","protected":false},"author":11,"featured_media":36104,"comment_status":"closed","ping_status":"closed","sticky":false,"template":"","format":"standard","meta":{"footnotes":""},"categories":[32,30,4],"tags":[],"class_list":["post-36103","post","type-post","status-publish","format-standard","has-post-thumbnail","hentry","category-medio-ambiente-aseo-y-ornato","category-operaciones","category-sala-de-prensa"],"_links":{"self":[{"href":"https:\/\/www.muniancud.cl\/portal\/wp-json\/wp\/v2\/posts\/36103","targetHints":{"allow":["GET"]}}],"collection":[{"href":"https:\/\/www.muniancud.cl\/portal\/wp-json\/wp\/v2\/posts"}],"about":[{"href":"https:\/\/www.muniancud.cl\/portal\/wp-json\/wp\/v2\/types\/post"}],"author":[{"embeddable":true,"href":"https:\/\/www.muniancud.cl\/portal\/wp-json\/wp\/v2\/users\/11"}],"replies":[{"embeddable":true,"href":"https:\/\/www.muniancud.cl\/portal\/wp-json\/wp\/v2\/comments?post=36103"}],"version-history":[{"count":1,"href":"https:\/\/www.muniancud.cl\/portal\/wp-json\/wp\/v2\/posts\/36103\/revisions"}],"predecessor-version":[{"id":36106,"href":"https:\/\/www.muniancud.cl\/portal\/wp-json\/wp\/v2\/posts\/36103\/revisions\/36106"}],"wp:featuredmedia":[{"embeddable":true,"href":"https:\/\/www.muniancud.cl\/portal\/wp-json\/wp\/v2\/media\/36104"}],"wp:attachment":[{"href":"https:\/\/www.muniancud.cl\/portal\/wp-json\/wp\/v2\/media?parent=36103"}],"wp:term":[{"taxonomy":"category","embeddable":true,"href":"https:\/\/www.muniancud.cl\/portal\/wp-json\/wp\/v2\/categories?post=36103"},{"taxonomy":"post_tag","embeddable":true,"href":"https:\/\/www.muniancud.cl\/portal\/wp-json\/wp\/v2\/tags?post=36103"}],"curies":[{"name":"wp","href":"https:\/\/api.w.org\/{rel}","templated":true}]}}