{"id":36332,"date":"2025-12-04T12:32:31","date_gmt":"2025-12-04T15:32:31","guid":{"rendered":"https:\/\/www.muniancud.cl\/portal\/?p=36332"},"modified":"2025-12-04T12:32:31","modified_gmt":"2025-12-04T15:32:31","slug":"corporacion-cultural-de-ancud-invita-a-postular-al-festival-sello-chilote","status":"publish","type":"post","link":"https:\/\/www.muniancud.cl\/portal\/corporacion-cultural-de-ancud-invita-a-postular-al-festival-sello-chilote\/","title":{"rendered":"Corporaci\u00f3n Cultural de Ancud invita a postular al Festival Sello Chilote"},"content":{"rendered":"<p data-start=\"166\" data-end=\"501\">La Corporaci\u00f3n Cultural de Ancud informa que ya se encuentra abierta la convocatoria para participar en el Festival Sello Chilote, un evento dedicado al rescate y puesta en valor de las tradiciones m\u00e1s antiguas de Chilo\u00e9.<br data-start=\"391\" data-end=\"394\" \/>Las postulaciones se iniciaron el 28 de noviembre y se mantendr\u00e1n abiertas hasta el 9 de diciembre.<\/p>\n<p data-start=\"503\" data-end=\"782\">Las bases del festival est\u00e1n disponibles en el sitio web de la Corporaci\u00f3n Cultural:<br data-start=\"591\" data-end=\"594\" \/><strong><a class=\"decorated-link cursor-pointer\" target=\"_new\" rel=\"noopener\" data-start=\"596\" data-end=\"628\">WWW.CORPORACIONCULTURAL.ANCUD.CL<\/a>, <\/strong>en las redes sociales de la instituci\u00f3n y tambi\u00e9n en formato impreso, para quienes deseen retirarlas directamente en dependencias de la corporaci\u00f3n.<\/p>\n<p data-start=\"784\" data-end=\"1044\">Este festival busca relevar pr\u00e1cticas tradicionales chilotas, tales como la preparaci\u00f3n del curanto sin malla, milcaos con di\u00e1metros tradicionales, la inclusi\u00f3n de la chochoca y otros elementos propios de la gastronom\u00eda ancestral del archipi\u00e9lago.<\/p>\n<p data-start=\"1046\" data-end=\"1256\">Las agrupaciones interesadas en postular pueden acercarse a la Corporaci\u00f3n Cultural, donde encontrar\u00e1n personal dispuesto a asesorar, orientar y entregar los documentos necesarios para completar el proceso.<\/p>\n<p data-start=\"1258\" data-end=\"1442\">Asimismo, se informa que otras organizaciones que deseen continuar trabajando bajo sus modalidades anteriores pueden dirigirse al municipio para recibir la orientaci\u00f3n correspondiente.<\/p>\n<p data-start=\"1444\" data-end=\"1731\">Finalmente, se hace un llamado especial a todas las agrupaciones que quieran participar con propuestas 100% chilotas, con m\u00fasica y bailes tradicionales de Chilo\u00e9, a acercarse a la Corporaci\u00f3n Cultural. El equipo estar\u00e1 disponible para acompa\u00f1arlos en cada paso de la postulaci\u00f3n.<\/p>\n<p data-start=\"1444\" data-end=\"1731\"><img loading=\"lazy\" decoding=\"async\" class=\"alignnone size-full wp-image-36334\" src=\"https:\/\/www.muniancud.cl\/portal\/wp-content\/uploads\/2025\/12\/976a64b6-b38b-4691-bbbc-ffc51a4019f8.jpg\" alt=\"\" width=\"1040\" height=\"480\" srcset=\"https:\/\/www.muniancud.cl\/portal\/wp-content\/uploads\/2025\/12\/976a64b6-b38b-4691-bbbc-ffc51a4019f8.jpg 1040w, https:\/\/www.muniancud.cl\/portal\/wp-content\/uploads\/2025\/12\/976a64b6-b38b-4691-bbbc-ffc51a4019f8-300x138.jpg 300w, https:\/\/www.muniancud.cl\/portal\/wp-content\/uploads\/2025\/12\/976a64b6-b38b-4691-bbbc-ffc51a4019f8-1024x473.jpg 1024w, https:\/\/www.muniancud.cl\/portal\/wp-content\/uploads\/2025\/12\/976a64b6-b38b-4691-bbbc-ffc51a4019f8-768x354.jpg 768w, https:\/\/www.muniancud.cl\/portal\/wp-content\/uploads\/2025\/12\/976a64b6-b38b-4691-bbbc-ffc51a4019f8-696x321.jpg 696w, https:\/\/www.muniancud.cl\/portal\/wp-content\/uploads\/2025\/12\/976a64b6-b38b-4691-bbbc-ffc51a4019f8-910x420.jpg 910w\" sizes=\"auto, (max-width: 1040px) 100vw, 1040px\" \/><\/p>\n<p data-start=\"1733\" data-end=\"1835\">\n","protected":false},"excerpt":{"rendered":"<p>La Corporaci\u00f3n Cultural de Ancud informa que ya se encuentra abierta la convocatoria para participar en el Festival Sello Chilote, un evento dedicado al rescate y puesta en valor de las tradiciones m\u00e1s antiguas de Chilo\u00e9.Las postulaciones se iniciaron el 28 de noviembre y se mantendr\u00e1n abiertas hasta el 9 de diciembre. Las bases del [&hellip;]<\/p>\n","protected":false},"author":11,"featured_media":36333,"comment_status":"closed","ping_status":"closed","sticky":false,"template":"","format":"standard","meta":{"footnotes":""},"categories":[26,32,4,36],"tags":[],"class_list":["post-36332","post","type-post","status-publish","format-standard","has-post-thumbnail","hentry","category-cultura","category-medio-ambiente-aseo-y-ornato","category-sala-de-prensa","category-turismo"],"_links":{"self":[{"href":"https:\/\/www.muniancud.cl\/portal\/wp-json\/wp\/v2\/posts\/36332","targetHints":{"allow":["GET"]}}],"collection":[{"href":"https:\/\/www.muniancud.cl\/portal\/wp-json\/wp\/v2\/posts"}],"about":[{"href":"https:\/\/www.muniancud.cl\/portal\/wp-json\/wp\/v2\/types\/post"}],"author":[{"embeddable":true,"href":"https:\/\/www.muniancud.cl\/portal\/wp-json\/wp\/v2\/users\/11"}],"replies":[{"embeddable":true,"href":"https:\/\/www.muniancud.cl\/portal\/wp-json\/wp\/v2\/comments?post=36332"}],"version-history":[{"count":1,"href":"https:\/\/www.muniancud.cl\/portal\/wp-json\/wp\/v2\/posts\/36332\/revisions"}],"predecessor-version":[{"id":36335,"href":"https:\/\/www.muniancud.cl\/portal\/wp-json\/wp\/v2\/posts\/36332\/revisions\/36335"}],"wp:featuredmedia":[{"embeddable":true,"href":"https:\/\/www.muniancud.cl\/portal\/wp-json\/wp\/v2\/media\/36333"}],"wp:attachment":[{"href":"https:\/\/www.muniancud.cl\/portal\/wp-json\/wp\/v2\/media?parent=36332"}],"wp:term":[{"taxonomy":"category","embeddable":true,"href":"https:\/\/www.muniancud.cl\/portal\/wp-json\/wp\/v2\/categories?post=36332"},{"taxonomy":"post_tag","embeddable":true,"href":"https:\/\/www.muniancud.cl\/portal\/wp-json\/wp\/v2\/tags?post=36332"}],"curies":[{"name":"wp","href":"https:\/\/api.w.org\/{rel}","templated":true}]}}