{"id":36340,"date":"2025-12-05T16:31:08","date_gmt":"2025-12-05T19:31:08","guid":{"rendered":"https:\/\/www.muniancud.cl\/portal\/?p=36340"},"modified":"2025-12-05T16:31:08","modified_gmt":"2025-12-05T19:31:08","slug":"avanza-licitacion-del-proyecto-de-defensa-fluvial-en-ancud-tras-reunion-informativa-con-autoridades-y-vecinos","status":"publish","type":"post","link":"https:\/\/www.muniancud.cl\/portal\/avanza-licitacion-del-proyecto-de-defensa-fluvial-en-ancud-tras-reunion-informativa-con-autoridades-y-vecinos\/","title":{"rendered":"Avanza licitaci\u00f3n del proyecto de defensa fluvial en Ancud tras reuni\u00f3n informativa con autoridades y vecinos"},"content":{"rendered":"<p>Una reuni\u00f3n informativa encabezada por el SEREMI de Obras P\u00fablicas Juan Fernando Alvarado, el Director regional de Obras Hidr\u00e1ulicas Patricio Meneses y el alcalde de Ancud, Andr\u00e9s Ojeda, reuni\u00f3 a representantes de la Junta de Vecinos del Centro, la C\u00e1mara de Comercio y residentes del sector Arturo Prat y Calle 18. En el encuentro se entregaron detalles sobre el estado actual del proyecto Reposici\u00f3n de la Defensa Fluvial del Estero La Toma y los pasos que siguen dentro del proceso de licitaci\u00f3n.<\/p>\n<p>La iniciativa, que ya se encuentra en licitaci\u00f3n tras m\u00e1s de 15 a\u00f1os de espera, considera una inversi\u00f3n cercana a los 5.000 millones de pesos. El proyecto contempla la construcci\u00f3n de un colector de aguas lluvias de aproximadamente 470 metros de longitud, con excavaci\u00f3n profunda y posibles interferencias sanitarias, lo que lo convierte en una de las obras m\u00e1s grandes y t\u00e9cnicamente desafiantes que ejecutar\u00e1 la Direcci\u00f3n de Obras Hidr\u00e1ulicas en la regi\u00f3n.<\/p>\n<p>El alcalde Andr\u00e9s Ojeda destac\u00f3 el inicio de este proceso como un hito significativo para la comuna.<br \/>\n\u201cEste es un avance concreto hacia una soluci\u00f3n largamente esperada. Esta obra permitir\u00e1 enfrentar de manera definitiva las reiteradas inundaciones en calle 18, un problema que por a\u00f1os ha afectado a nuestros vecinos, al comercio y al tr\u00e1nsito del sector\u201d, se\u00f1al\u00f3.<\/p>\n<p>En la misma l\u00ednea, el Director Regional de Obras Hidr\u00e1ulicas, Patricio Meneses, subray\u00f3 la relevancia t\u00e9cnica del proyecto y explic\u00f3 por qu\u00e9 esta intervenci\u00f3n es especialmente necesaria.<br \/>\n\u201cEn este sector se producen verdaderas \u2018tormentas perfectas\u2019: coinciden lluvias intensas con mareas altas, lo que impide evacuar el agua y provoca inundaciones que da\u00f1an infraestructura p\u00fablica y privada. Este colector profundo es fundamental para evitar esas emergencias y mejorar la capacidad de evacuaci\u00f3n de aguas lluvias\u201d, afirm\u00f3.<\/p>\n<p>Finalmente, las autoridades llamaron a la comunidad a comprender las molestias temporales que traer\u00e1n consigo las obras, como cierres de calles y desv\u00edos de tr\u00e1nsito. Sin embargo, recalcaron que estas intervenciones ser\u00e1n esenciales para fortalecer la infraestructura h\u00eddrica de la ciudad y prevenir inundaciones futuras.<\/p>\n<p><img loading=\"lazy\" decoding=\"async\" class=\"alignnone size-full wp-image-36343\" src=\"https:\/\/www.muniancud.cl\/portal\/wp-content\/uploads\/2025\/12\/594957682_10240779383165069_6203343977642953800_n.jpg\" alt=\"\" width=\"1600\" height=\"1200\" srcset=\"https:\/\/www.muniancud.cl\/portal\/wp-content\/uploads\/2025\/12\/594957682_10240779383165069_6203343977642953800_n.jpg 1600w, https:\/\/www.muniancud.cl\/portal\/wp-content\/uploads\/2025\/12\/594957682_10240779383165069_6203343977642953800_n-300x225.jpg 300w, https:\/\/www.muniancud.cl\/portal\/wp-content\/uploads\/2025\/12\/594957682_10240779383165069_6203343977642953800_n-1024x768.jpg 1024w, https:\/\/www.muniancud.cl\/portal\/wp-content\/uploads\/2025\/12\/594957682_10240779383165069_6203343977642953800_n-768x576.jpg 768w, https:\/\/www.muniancud.cl\/portal\/wp-content\/uploads\/2025\/12\/594957682_10240779383165069_6203343977642953800_n-1536x1152.jpg 1536w, https:\/\/www.muniancud.cl\/portal\/wp-content\/uploads\/2025\/12\/594957682_10240779383165069_6203343977642953800_n-80x60.jpg 80w, https:\/\/www.muniancud.cl\/portal\/wp-content\/uploads\/2025\/12\/594957682_10240779383165069_6203343977642953800_n-265x198.jpg 265w, https:\/\/www.muniancud.cl\/portal\/wp-content\/uploads\/2025\/12\/594957682_10240779383165069_6203343977642953800_n-696x522.jpg 696w, https:\/\/www.muniancud.cl\/portal\/wp-content\/uploads\/2025\/12\/594957682_10240779383165069_6203343977642953800_n-1068x801.jpg 1068w, https:\/\/www.muniancud.cl\/portal\/wp-content\/uploads\/2025\/12\/594957682_10240779383165069_6203343977642953800_n-560x420.jpg 560w\" sizes=\"auto, (max-width: 1600px) 100vw, 1600px\" \/><\/p>\n<p>&nbsp;<\/p>\n","protected":false},"excerpt":{"rendered":"<p>Una reuni\u00f3n informativa encabezada por el SEREMI de Obras P\u00fablicas Juan Fernando Alvarado, el Director regional de Obras Hidr\u00e1ulicas Patricio Meneses y el alcalde de Ancud, Andr\u00e9s Ojeda, reuni\u00f3 a representantes de la Junta de Vecinos del Centro, la C\u00e1mara de Comercio y residentes del sector Arturo Prat y Calle 18. En el encuentro se [&hellip;]<\/p>\n","protected":false},"author":11,"featured_media":36342,"comment_status":"closed","ping_status":"closed","sticky":false,"template":"","format":"standard","meta":{"footnotes":""},"categories":[28,30,4,29],"tags":[],"class_list":["post-36340","post","type-post","status-publish","format-standard","has-post-thumbnail","hentry","category-obras-municipales","category-operaciones","category-sala-de-prensa","category-secplan"],"_links":{"self":[{"href":"https:\/\/www.muniancud.cl\/portal\/wp-json\/wp\/v2\/posts\/36340","targetHints":{"allow":["GET"]}}],"collection":[{"href":"https:\/\/www.muniancud.cl\/portal\/wp-json\/wp\/v2\/posts"}],"about":[{"href":"https:\/\/www.muniancud.cl\/portal\/wp-json\/wp\/v2\/types\/post"}],"author":[{"embeddable":true,"href":"https:\/\/www.muniancud.cl\/portal\/wp-json\/wp\/v2\/users\/11"}],"replies":[{"embeddable":true,"href":"https:\/\/www.muniancud.cl\/portal\/wp-json\/wp\/v2\/comments?post=36340"}],"version-history":[{"count":1,"href":"https:\/\/www.muniancud.cl\/portal\/wp-json\/wp\/v2\/posts\/36340\/revisions"}],"predecessor-version":[{"id":36344,"href":"https:\/\/www.muniancud.cl\/portal\/wp-json\/wp\/v2\/posts\/36340\/revisions\/36344"}],"wp:featuredmedia":[{"embeddable":true,"href":"https:\/\/www.muniancud.cl\/portal\/wp-json\/wp\/v2\/media\/36342"}],"wp:attachment":[{"href":"https:\/\/www.muniancud.cl\/portal\/wp-json\/wp\/v2\/media?parent=36340"}],"wp:term":[{"taxonomy":"category","embeddable":true,"href":"https:\/\/www.muniancud.cl\/portal\/wp-json\/wp\/v2\/categories?post=36340"},{"taxonomy":"post_tag","embeddable":true,"href":"https:\/\/www.muniancud.cl\/portal\/wp-json\/wp\/v2\/tags?post=36340"}],"curies":[{"name":"wp","href":"https:\/\/api.w.org\/{rel}","templated":true}]}}