{"id":36354,"date":"2025-12-10T15:28:27","date_gmt":"2025-12-10T18:28:27","guid":{"rendered":"https:\/\/www.muniancud.cl\/portal\/?p=36354"},"modified":"2025-12-10T15:28:27","modified_gmt":"2025-12-10T18:28:27","slug":"municipio-de-ancud-recibe-concesion-de-terreno-para-desarrollar-el-futuro-parque-rivera-sur","status":"publish","type":"post","link":"https:\/\/www.muniancud.cl\/portal\/municipio-de-ancud-recibe-concesion-de-terreno-para-desarrollar-el-futuro-parque-rivera-sur\/","title":{"rendered":"Municipio de Ancud recibe concesi\u00f3n de terreno para desarrollar el futuro \u201cParque Rivera Sur\u201d"},"content":{"rendered":"<p>El Ministerio de Bienes Nacionales oficializ\u00f3 la entrega en concesi\u00f3n de uso al Municipio de Ancud del terreno donde antiguamente funcionaba la Oficina de Informaci\u00f3n Tur\u00edstica, en el sector de Pudeto Bajo. El predio, de casi una hect\u00e1rea, ser\u00e1 destinado a la creaci\u00f3n del proyecto \u201cParque Rivera Sur\u201d, iniciativa que busca fortalecer el desarrollo local y mejorar la experiencia de quienes visitan la comuna.<\/p>\n<p data-start=\"510\" data-end=\"1150\">El subsecretario de Bienes Nacionales, Sebasti\u00e1n Vergara, destac\u00f3 que el sitio, hasta ahora en desuso, ser\u00e1 transformado en un espacio comunitario y tur\u00edstico que actuar\u00e1 como una verdadera \u201cpuerta de entrada\u201d a Ancud. El futuro parque contempla \u00e1reas verdes, zonas de descanso, espacios para fotograf\u00eda y avistamiento de aves, adem\u00e1s de lagunas y sectores dise\u00f1ados para actividades culturales, art\u00edsticas y ferias de productos locales.<\/p>\n<p>Vergara tambi\u00e9n confirm\u00f3 que, \u201cel municipio ser\u00e1 el \u00fanico administrador del terreno, y que el desarrollo del proyecto se coordinar\u00e1 con autoridades locales, el Gobierno Regional y el Gobierno Central\u201d.<\/p>\n<p data-start=\"1152\" data-end=\"1525\">Por su parte, el alcalde Andr\u00e9s Ojeda valor\u00f3 la concesi\u00f3n otorgada por Bienes Nacionales, se\u00f1alando que permitir\u00e1 avanzar en un proyecto que mejorar\u00e1 significativamente el ingreso a la ciudad. El dise\u00f1o considera un moderno Centro de Informaci\u00f3n Tur\u00edstica y espacios dedicados a artesanos locales, buscando potenciar la identidad cultural y ambiental de Ancud y Chilo\u00e9.<\/p>\n<p data-start=\"1527\" data-end=\"1723\">Ojeda adem\u00e1s inform\u00f3 que Ancud fue una de las tres comunas seleccionadas en el programa Quiero Mi Barrio, lo que abrir\u00e1 la puerta a futuras intervenciones urbanas en beneficio de la comunidad.<\/p>\n<p data-start=\"1725\" data-end=\"2102\">\u201cHoy contamos con la concesi\u00f3n del terreno y estamos preparados para transformar este espacio en una verdadera puerta de entrada a la ciudad, un lugar que represente a Ancud y a Chilo\u00e9 y que reciba a nuestros visitantes de la mejor manera\u201d, se\u00f1al\u00f3 el jefe comunal, agradeciendo el apoyo de Bienes Nacionales, el Consejo Regional, funcionarios municipales y dirigentes sociales.<\/p>\n<p data-start=\"2104\" data-end=\"2344\" data-is-last-node=\"\" data-is-only-node=\"\">El \u201cParque Rivera Sur\u201d se proyecta como un espacio integrador y representativo de la identidad local, que beneficiar\u00e1 tanto a residentes como a visitantes, consolid\u00e1ndose como un hito para el desarrollo tur\u00edstico y comunitario de la comuna.<\/p>\n<p data-start=\"2104\" data-end=\"2344\" data-is-last-node=\"\" data-is-only-node=\"\"><img loading=\"lazy\" decoding=\"async\" class=\"alignnone size-full wp-image-36356\" src=\"https:\/\/www.muniancud.cl\/portal\/wp-content\/uploads\/2025\/12\/WhatsApp-Image-2025-12-10-at-13.31.01.jpeg\" alt=\"\" width=\"1000\" height=\"750\" srcset=\"https:\/\/www.muniancud.cl\/portal\/wp-content\/uploads\/2025\/12\/WhatsApp-Image-2025-12-10-at-13.31.01.jpeg 1000w, https:\/\/www.muniancud.cl\/portal\/wp-content\/uploads\/2025\/12\/WhatsApp-Image-2025-12-10-at-13.31.01-300x225.jpeg 300w, https:\/\/www.muniancud.cl\/portal\/wp-content\/uploads\/2025\/12\/WhatsApp-Image-2025-12-10-at-13.31.01-768x576.jpeg 768w, https:\/\/www.muniancud.cl\/portal\/wp-content\/uploads\/2025\/12\/WhatsApp-Image-2025-12-10-at-13.31.01-80x60.jpeg 80w, https:\/\/www.muniancud.cl\/portal\/wp-content\/uploads\/2025\/12\/WhatsApp-Image-2025-12-10-at-13.31.01-265x198.jpeg 265w, https:\/\/www.muniancud.cl\/portal\/wp-content\/uploads\/2025\/12\/WhatsApp-Image-2025-12-10-at-13.31.01-696x522.jpeg 696w, https:\/\/www.muniancud.cl\/portal\/wp-content\/uploads\/2025\/12\/WhatsApp-Image-2025-12-10-at-13.31.01-560x420.jpeg 560w\" sizes=\"auto, (max-width: 1000px) 100vw, 1000px\" \/><\/p>\n","protected":false},"excerpt":{"rendered":"<p>El Ministerio de Bienes Nacionales oficializ\u00f3 la entrega en concesi\u00f3n de uso al Municipio de Ancud del terreno donde antiguamente funcionaba la Oficina de Informaci\u00f3n Tur\u00edstica, en el sector de Pudeto Bajo. El predio, de casi una hect\u00e1rea, ser\u00e1 destinado a la creaci\u00f3n del proyecto \u201cParque Rivera Sur\u201d, iniciativa que busca fortalecer el desarrollo local [&hellip;]<\/p>\n","protected":false},"author":11,"featured_media":36355,"comment_status":"closed","ping_status":"closed","sticky":false,"template":"","format":"standard","meta":{"footnotes":""},"categories":[26,4,36],"tags":[],"class_list":["post-36354","post","type-post","status-publish","format-standard","has-post-thumbnail","hentry","category-cultura","category-sala-de-prensa","category-turismo"],"_links":{"self":[{"href":"https:\/\/www.muniancud.cl\/portal\/wp-json\/wp\/v2\/posts\/36354","targetHints":{"allow":["GET"]}}],"collection":[{"href":"https:\/\/www.muniancud.cl\/portal\/wp-json\/wp\/v2\/posts"}],"about":[{"href":"https:\/\/www.muniancud.cl\/portal\/wp-json\/wp\/v2\/types\/post"}],"author":[{"embeddable":true,"href":"https:\/\/www.muniancud.cl\/portal\/wp-json\/wp\/v2\/users\/11"}],"replies":[{"embeddable":true,"href":"https:\/\/www.muniancud.cl\/portal\/wp-json\/wp\/v2\/comments?post=36354"}],"version-history":[{"count":1,"href":"https:\/\/www.muniancud.cl\/portal\/wp-json\/wp\/v2\/posts\/36354\/revisions"}],"predecessor-version":[{"id":36357,"href":"https:\/\/www.muniancud.cl\/portal\/wp-json\/wp\/v2\/posts\/36354\/revisions\/36357"}],"wp:featuredmedia":[{"embeddable":true,"href":"https:\/\/www.muniancud.cl\/portal\/wp-json\/wp\/v2\/media\/36355"}],"wp:attachment":[{"href":"https:\/\/www.muniancud.cl\/portal\/wp-json\/wp\/v2\/media?parent=36354"}],"wp:term":[{"taxonomy":"category","embeddable":true,"href":"https:\/\/www.muniancud.cl\/portal\/wp-json\/wp\/v2\/categories?post=36354"},{"taxonomy":"post_tag","embeddable":true,"href":"https:\/\/www.muniancud.cl\/portal\/wp-json\/wp\/v2\/tags?post=36354"}],"curies":[{"name":"wp","href":"https:\/\/api.w.org\/{rel}","templated":true}]}}