{"id":36373,"date":"2025-12-12T17:45:16","date_gmt":"2025-12-12T20:45:16","guid":{"rendered":"https:\/\/www.muniancud.cl\/portal\/?p=36373"},"modified":"2025-12-13T14:19:35","modified_gmt":"2025-12-13T17:19:35","slug":"consejo-municipal-de-ancud-aprueba-por-unanimidad-el-presupuesto-2026","status":"publish","type":"post","link":"https:\/\/www.muniancud.cl\/portal\/consejo-municipal-de-ancud-aprueba-por-unanimidad-el-presupuesto-2026\/","title":{"rendered":"Concejo Municipal de Ancud aprueba por unanimidad el Presupuesto 2026"},"content":{"rendered":"<p>En sesi\u00f3n realizada este 12 de diciembre, el Concejo Municipal de Ancud aprob\u00f3 por unanimidad el Presupuesto Municipal 2026, que supera los 30 mil millones de pesos. El alcalde destac\u00f3 que se trata de un presupuesto \u201cresponsable y aterrizado\u201d, que asegura los gastos operativos esenciales durante todo el a\u00f1o, especialmente en materia de residuos s\u00f3lidos domiciliarios, un \u00edtem que este a\u00f1o requiri\u00f3 gestiones extraordinarias para sostenerlo.<\/p>\n<p>Cerca de la mitad del presupuesto estar\u00e1 destinado a la Atenci\u00f3n Primaria de Salud, \u00e1rea que enfrenta importantes desaf\u00edos debido a la compleja situaci\u00f3n financiera de la corporaci\u00f3n municipal. La administraci\u00f3n comprometi\u00f3 continuar el ordenamiento financiero y avanzar en acuerdos con los gremios.<\/p>\n<p>Durante la sesi\u00f3n tambi\u00e9n se aprobaron varios proyectos FRIL que comenzar\u00e1n su ejecuci\u00f3n en las pr\u00f3ximas semanas. Entre ellos destacan:<\/p>\n<ul>\n<li>Mejoramiento del Pasaje Ernesto Riquelme, obra que busca fortalecer el turismo, la seguridad y el espacio p\u00fablico en el sector.<\/li>\n<li>Instalaci\u00f3n de se\u00f1al\u00e9tica tur\u00edstica en 32 puntos de la comuna, especialmente en \u00e1reas rurales, para mejorar la orientaci\u00f3n de visitantes.<\/li>\n<li>Construcci\u00f3n de juegos infantiles en Chacao, una demanda hist\u00f3rica de la comunidad local.<\/li>\n<\/ul>\n<p>El alcalde enfatiz\u00f3 que el presupuesto 2026 prioriza el turismo, la promoci\u00f3n, la infraestructura y el apoyo al mundo rural, adem\u00e1s de incluir compromisos con sindicatos del \u00e1rea de educaci\u00f3n y avances en el pago de deudas hist\u00f3ricas.<\/p>\n<p>Finalmente, la autoridad invit\u00f3 a la comunidad a participar en el Encendido del \u00c1rbol de Navidad, actividad programada para la tarde de este martes, y que marca el inicio de las celebraciones de fin de a\u00f1o en la comuna.<\/p>\n<p><img loading=\"lazy\" decoding=\"async\" class=\"alignnone size-full wp-image-36375\" src=\"https:\/\/www.muniancud.cl\/portal\/wp-content\/uploads\/2025\/12\/WhatsApp-Image-2025-12-12-at-10.21.07.jpeg\" alt=\"\" width=\"1280\" height=\"720\" srcset=\"https:\/\/www.muniancud.cl\/portal\/wp-content\/uploads\/2025\/12\/WhatsApp-Image-2025-12-12-at-10.21.07.jpeg 1280w, https:\/\/www.muniancud.cl\/portal\/wp-content\/uploads\/2025\/12\/WhatsApp-Image-2025-12-12-at-10.21.07-300x169.jpeg 300w, https:\/\/www.muniancud.cl\/portal\/wp-content\/uploads\/2025\/12\/WhatsApp-Image-2025-12-12-at-10.21.07-1024x576.jpeg 1024w, https:\/\/www.muniancud.cl\/portal\/wp-content\/uploads\/2025\/12\/WhatsApp-Image-2025-12-12-at-10.21.07-768x432.jpeg 768w, https:\/\/www.muniancud.cl\/portal\/wp-content\/uploads\/2025\/12\/WhatsApp-Image-2025-12-12-at-10.21.07-696x392.jpeg 696w, https:\/\/www.muniancud.cl\/portal\/wp-content\/uploads\/2025\/12\/WhatsApp-Image-2025-12-12-at-10.21.07-1068x601.jpeg 1068w, https:\/\/www.muniancud.cl\/portal\/wp-content\/uploads\/2025\/12\/WhatsApp-Image-2025-12-12-at-10.21.07-747x420.jpeg 747w\" sizes=\"auto, (max-width: 1280px) 100vw, 1280px\" \/><\/p>\n","protected":false},"excerpt":{"rendered":"<p>En sesi\u00f3n realizada este 12 de diciembre, el Concejo Municipal de Ancud aprob\u00f3 por unanimidad el Presupuesto Municipal 2026, que supera los 30 mil millones de pesos. El alcalde destac\u00f3 que se trata de un presupuesto \u201cresponsable y aterrizado\u201d, que asegura los gastos operativos esenciales durante todo el a\u00f1o, especialmente en materia de residuos s\u00f3lidos [&hellip;]<\/p>\n","protected":false},"author":11,"featured_media":36374,"comment_status":"closed","ping_status":"closed","sticky":false,"template":"","format":"standard","meta":{"footnotes":""},"categories":[27,25,28,4,29],"tags":[],"class_list":["post-36373","post","type-post","status-publish","format-standard","has-post-thumbnail","hentry","category-dideco","category-educacion","category-obras-municipales","category-sala-de-prensa","category-secplan"],"_links":{"self":[{"href":"https:\/\/www.muniancud.cl\/portal\/wp-json\/wp\/v2\/posts\/36373","targetHints":{"allow":["GET"]}}],"collection":[{"href":"https:\/\/www.muniancud.cl\/portal\/wp-json\/wp\/v2\/posts"}],"about":[{"href":"https:\/\/www.muniancud.cl\/portal\/wp-json\/wp\/v2\/types\/post"}],"author":[{"embeddable":true,"href":"https:\/\/www.muniancud.cl\/portal\/wp-json\/wp\/v2\/users\/11"}],"replies":[{"embeddable":true,"href":"https:\/\/www.muniancud.cl\/portal\/wp-json\/wp\/v2\/comments?post=36373"}],"version-history":[{"count":3,"href":"https:\/\/www.muniancud.cl\/portal\/wp-json\/wp\/v2\/posts\/36373\/revisions"}],"predecessor-version":[{"id":36379,"href":"https:\/\/www.muniancud.cl\/portal\/wp-json\/wp\/v2\/posts\/36373\/revisions\/36379"}],"wp:featuredmedia":[{"embeddable":true,"href":"https:\/\/www.muniancud.cl\/portal\/wp-json\/wp\/v2\/media\/36374"}],"wp:attachment":[{"href":"https:\/\/www.muniancud.cl\/portal\/wp-json\/wp\/v2\/media?parent=36373"}],"wp:term":[{"taxonomy":"category","embeddable":true,"href":"https:\/\/www.muniancud.cl\/portal\/wp-json\/wp\/v2\/categories?post=36373"},{"taxonomy":"post_tag","embeddable":true,"href":"https:\/\/www.muniancud.cl\/portal\/wp-json\/wp\/v2\/tags?post=36373"}],"curies":[{"name":"wp","href":"https:\/\/api.w.org\/{rel}","templated":true}]}}