{"id":36475,"date":"2026-01-21T11:29:37","date_gmt":"2026-01-21T14:29:37","guid":{"rendered":"https:\/\/www.muniancud.cl\/portal\/?p=36475"},"modified":"2026-01-21T11:29:37","modified_gmt":"2026-01-21T14:29:37","slug":"mas-de-50-mil-personas-se-congregaron-en-ancud-como-parte-de-las-mas-de-30-actividades-culturales-del-bicentenario-de-chiloe","status":"publish","type":"post","link":"https:\/\/www.muniancud.cl\/portal\/mas-de-50-mil-personas-se-congregaron-en-ancud-como-parte-de-las-mas-de-30-actividades-culturales-del-bicentenario-de-chiloe\/","title":{"rendered":"M\u00e1s de 50 mil personas se congregaron en Ancud como parte de las m\u00e1s de 30 actividades culturales del Bicentenario de Chilo\u00e9"},"content":{"rendered":"<p>Durante cuatro d\u00edas, la ciudad de Ancud fue el epicentro de la conmemoraci\u00f3n del Bicentenario de Chilo\u00e9 (1826\u20132026), reuniendo a m\u00e1s de 50 mil personas en un amplio programa que contempl\u00f3 m\u00e1s de 30 actividades, mayoritariamente culturales, patrimoniales, hist\u00f3ricas, deportivas y art\u00edsticas, abiertas a toda la comunidad.<\/p>\n<p>Uno de los hitos m\u00e1s relevantes de esta conmemoraci\u00f3n fue el Acto Conmemorativo del Bicentenario de la Anexi\u00f3n de Chilo\u00e9 a la Rep\u00fablica de Chile, realizado en el Fuerte San Antonio, lugar de profundo valor hist\u00f3rico, simb\u00f3lico y patrimonial, donde se record\u00f3 el proceso de incorporaci\u00f3n del archipi\u00e9lago al Estado de Chile, constituy\u00e9ndose en una de las actividades m\u00e1s significativas de todo el programa.<\/p>\n<p>Las celebraciones incluyeron adem\u00e1s ceremonias conmemorativas, como la Batalla de Bellavista en el sector Bellavista, el Chaf\u00fcn de Comunidades y Asociaciones Ind\u00edgenas en Tantauco en memoria del Tratado de Tantauco, y la develaci\u00f3n de la estatua de Antonio de Quintanilla en la Plaza Centenario, reforzando el valor hist\u00f3rico del archipi\u00e9lago.<\/p>\n<p>El programa puso especial \u00e9nfasis en el folclor chilote, con presentaciones de m\u00fasica, cantos y danzas tradicionales interpretados por grupos folcl\u00f3ricos \u00a0y expresiones art\u00edsticas locales, que dieron vida a los escenarios de la Costanera de Ancud y otros espacios p\u00fablicos, reafirmando las tradiciones y saberes transmitidos por generaciones.<\/p>\n<p>En el \u00e1mbito cultural y acad\u00e9mico, se desarrollaron coloquios y seminarios hist\u00f3ricos, entre ellos <em>\u201c<\/em>Ancud Capital Hist\u00f3rica del Bicentenario de Chilo\u00e9\u201d y el seminario \u201cConmemoraci\u00f3n Hist\u00f3rica Bicentenaria del Tratado de Tantauco<em>\u201d<\/em>, junto a exposiciones patrimoniales, muestras fotogr\u00e1ficas y la inauguraci\u00f3n del Taller de Carpinter\u00eda de Ribera, poniendo en valor los oficios tradicionales y la memoria mar\u00edtima local.<\/p>\n<p>El mar tuvo un rol protag\u00f3nico con el Festival N\u00e1utico, cl\u00ednicas de vela para ni\u00f1os, navegaciones abiertas al p\u00fablico, la Biblio Lancha y la actividad \u201cVelas Izadas al Viento\u201d, donde embarcaciones navegaron la Bah\u00eda de Ancud en homenaje a los 200 a\u00f1os de historia.<\/p>\n<p>La programaci\u00f3n tambi\u00e9n contempl\u00f3 actividades deportivas y recreativas, como la Corrida Ruta del C\u00f3ndor, rugby en Playa Lechagua, espacios familiares con pinta caritas, intervenciones art\u00edsticas y caracterizaciones hist\u00f3ricas, adem\u00e1s de ferias y encuentros comunitarios en la costanera.<\/p>\n<p>Cada jornada culmin\u00f3 con shows art\u00edsticos y musicales, con la participaci\u00f3n de agrupaciones locales y artistas invitados como Santaferia, Z\u00fambale Primo, Alanys Lagos y Toly Fu, generando multitudinarios encuentros en la Costanera de Ancud.<\/p>\n<p>Estas cuatro jornadas de celebraci\u00f3n reflejaron un fuerte esp\u00edritu de identidad, memoria hist\u00f3rica y participaci\u00f3n ciudadana, consolidando a Ancud como un eje central de la conmemoraci\u00f3n del Bicentenario de Chilo\u00e9, y reafirmando su relevancia hist\u00f3rica, cultural y patrimonial a nivel regional y nacional<img loading=\"lazy\" decoding=\"async\" class=\"alignnone size-full wp-image-36477\" src=\"https:\/\/www.muniancud.cl\/portal\/wp-content\/uploads\/2026\/01\/WhatsApp-Image-2026-01-20-at-01.05.38.jpeg\" alt=\"\" width=\"1280\" height=\"960\" srcset=\"https:\/\/www.muniancud.cl\/portal\/wp-content\/uploads\/2026\/01\/WhatsApp-Image-2026-01-20-at-01.05.38.jpeg 1280w, https:\/\/www.muniancud.cl\/portal\/wp-content\/uploads\/2026\/01\/WhatsApp-Image-2026-01-20-at-01.05.38-300x225.jpeg 300w, https:\/\/www.muniancud.cl\/portal\/wp-content\/uploads\/2026\/01\/WhatsApp-Image-2026-01-20-at-01.05.38-1024x768.jpeg 1024w, https:\/\/www.muniancud.cl\/portal\/wp-content\/uploads\/2026\/01\/WhatsApp-Image-2026-01-20-at-01.05.38-768x576.jpeg 768w, https:\/\/www.muniancud.cl\/portal\/wp-content\/uploads\/2026\/01\/WhatsApp-Image-2026-01-20-at-01.05.38-80x60.jpeg 80w, https:\/\/www.muniancud.cl\/portal\/wp-content\/uploads\/2026\/01\/WhatsApp-Image-2026-01-20-at-01.05.38-265x198.jpeg 265w, https:\/\/www.muniancud.cl\/portal\/wp-content\/uploads\/2026\/01\/WhatsApp-Image-2026-01-20-at-01.05.38-696x522.jpeg 696w, https:\/\/www.muniancud.cl\/portal\/wp-content\/uploads\/2026\/01\/WhatsApp-Image-2026-01-20-at-01.05.38-1068x801.jpeg 1068w, https:\/\/www.muniancud.cl\/portal\/wp-content\/uploads\/2026\/01\/WhatsApp-Image-2026-01-20-at-01.05.38-560x420.jpeg 560w\" sizes=\"auto, (max-width: 1280px) 100vw, 1280px\" \/><\/p>\n","protected":false},"excerpt":{"rendered":"<p>Durante cuatro d\u00edas, la ciudad de Ancud fue el epicentro de la conmemoraci\u00f3n del Bicentenario de Chilo\u00e9 (1826\u20132026), reuniendo a m\u00e1s de 50 mil personas en un amplio programa que contempl\u00f3 m\u00e1s de 30 actividades, mayoritariamente culturales, patrimoniales, hist\u00f3ricas, deportivas y art\u00edsticas, abiertas a toda la comunidad. Uno de los hitos m\u00e1s relevantes de esta [&hellip;]<\/p>\n","protected":false},"author":11,"featured_media":36476,"comment_status":"closed","ping_status":"closed","sticky":false,"template":"","format":"standard","meta":{"footnotes":""},"categories":[26,27,25,4],"tags":[],"class_list":["post-36475","post","type-post","status-publish","format-standard","has-post-thumbnail","hentry","category-cultura","category-dideco","category-educacion","category-sala-de-prensa"],"_links":{"self":[{"href":"https:\/\/www.muniancud.cl\/portal\/wp-json\/wp\/v2\/posts\/36475","targetHints":{"allow":["GET"]}}],"collection":[{"href":"https:\/\/www.muniancud.cl\/portal\/wp-json\/wp\/v2\/posts"}],"about":[{"href":"https:\/\/www.muniancud.cl\/portal\/wp-json\/wp\/v2\/types\/post"}],"author":[{"embeddable":true,"href":"https:\/\/www.muniancud.cl\/portal\/wp-json\/wp\/v2\/users\/11"}],"replies":[{"embeddable":true,"href":"https:\/\/www.muniancud.cl\/portal\/wp-json\/wp\/v2\/comments?post=36475"}],"version-history":[{"count":1,"href":"https:\/\/www.muniancud.cl\/portal\/wp-json\/wp\/v2\/posts\/36475\/revisions"}],"predecessor-version":[{"id":36478,"href":"https:\/\/www.muniancud.cl\/portal\/wp-json\/wp\/v2\/posts\/36475\/revisions\/36478"}],"wp:featuredmedia":[{"embeddable":true,"href":"https:\/\/www.muniancud.cl\/portal\/wp-json\/wp\/v2\/media\/36476"}],"wp:attachment":[{"href":"https:\/\/www.muniancud.cl\/portal\/wp-json\/wp\/v2\/media?parent=36475"}],"wp:term":[{"taxonomy":"category","embeddable":true,"href":"https:\/\/www.muniancud.cl\/portal\/wp-json\/wp\/v2\/categories?post=36475"},{"taxonomy":"post_tag","embeddable":true,"href":"https:\/\/www.muniancud.cl\/portal\/wp-json\/wp\/v2\/tags?post=36475"}],"curies":[{"name":"wp","href":"https:\/\/api.w.org\/{rel}","templated":true}]}}