{"id":36480,"date":"2026-01-23T11:39:31","date_gmt":"2026-01-23T14:39:31","guid":{"rendered":"https:\/\/www.muniancud.cl\/portal\/?p=36480"},"modified":"2026-01-23T11:39:31","modified_gmt":"2026-01-23T14:39:31","slug":"proyecto-impulsa-gobernanza-y-planes-de-gestion-para-el-paisaje-de-conservacion-chiloe-en-ancud-y-dalcahue","status":"publish","type":"post","link":"https:\/\/www.muniancud.cl\/portal\/proyecto-impulsa-gobernanza-y-planes-de-gestion-para-el-paisaje-de-conservacion-chiloe-en-ancud-y-dalcahue\/","title":{"rendered":"Proyecto impulsa gobernanza y planes de gesti\u00f3n para el Paisaje de Conservaci\u00f3n Chilo\u00e9 en Ancud y Dalcahue"},"content":{"rendered":"<p>En las comunas de Ancud y Dalcahue se ejecuta el proyecto \u201cApoyo a la conformaci\u00f3n del Consejo Territorial, formulaci\u00f3n del Plan de Gesti\u00f3n del mismo y elaboraci\u00f3n de planes de desarrollo y gesti\u00f3n a escala predial para unidades piloto demostrativas del Paisaje de Conservaci\u00f3n Chilo\u00e9\u201d, iniciativa financiada por el Fondo Nacional de Desarrollo Regional (FNDR) y liderada por la Seremi de Medio Ambiente de la Regi\u00f3n de Los Lagos, en conjunto con ambos municipios y la Consultora Quiao.<\/p>\n<p data-start=\"681\" data-end=\"1077\">El proyecto busca fortalecer la gobernanza territorial y elaborar planes de ordenamiento predial y un plan de gesti\u00f3n del Paisaje de Conservaci\u00f3n Chilo\u00e9, mediante un trabajo participativo con las comunidades durante el periodo estival. Las acciones se desarrollan a trav\u00e9s de nodos productivos en los sectores de Quilo, Chepu, Pu\u00f1ihuil y Coipom\u00f3, en Ancud, adem\u00e1s de Dalcahue y el sector Piuch\u00e9n.<\/p>\n<p data-start=\"1079\" data-end=\"1429\">La seremi de Medio Ambiente de la Regi\u00f3n de Los Lagos, Tamara Puchi, destac\u00f3 que esta iniciativa \u201cpromueve un modelo de gesti\u00f3n que equilibra el desarrollo productivo local con la conservaci\u00f3n de la biodiversidad\u201d, agregando que, si bien no se trata de un \u00e1rea protegida formal, s\u00ed es un instrumento de gesti\u00f3n ambiental reconocido por la Ley 21.600.<\/p>\n<p data-start=\"1431\" data-end=\"1688\">Desde el \u00e1mbito municipal, el alcalde de Ancud, Andr\u00e9s Ojeda, valor\u00f3 el trabajo conjunto entre comunas, se\u00f1alando que \u201clas iniciativas vinculadas a la conservaci\u00f3n son fundamentales, especialmente cuando entendemos que el futuro est\u00e1 en la sustentabilidad\u201d.<\/p>\n<p data-start=\"1690\" data-end=\"2031\">Por su parte, Juan Corrales, coordinador del Paisaje de Conservaci\u00f3n en la Municipalidad de Ancud, explic\u00f3 que contar con planes de ordenamiento \u201cpermite organizar los usos del territorio y proyectar el desarrollo predial considerando factores como el cambio clim\u00e1tico y la productividad, lo que impacta positivamente en todo el territorio\u201d.<\/p>\n<p data-start=\"2033\" data-end=\"2340\">En tanto, Marcela Staforelli, de la Unidad de Fomento Productivo de Dalcahue, indic\u00f3 que la comunidad beneficiada \u201cest\u00e1 muy agradecida y entusiasmada\u201d, destacando adem\u00e1s la importancia de socializar el concepto de paisaje de conservaci\u00f3n y la protecci\u00f3n del recurso h\u00eddrico del r\u00edo Chepu y sus microcuencas.<\/p>\n<p data-start=\"2342\" data-end=\"2611\">Finalmente, Tatiana Salas, de la Consultora Quiao, se\u00f1al\u00f3 que ya se iniciaron las visitas a terreno y el trabajo directo con las comunidades, destacando que \u201ceste proceso busca avanzar hacia gobernanzas territoriales con participaci\u00f3n activa de organizaciones locales\u201d.<\/p>\n<p data-start=\"2342\" data-end=\"2611\"><img loading=\"lazy\" decoding=\"async\" class=\"alignnone size-full wp-image-36482\" src=\"https:\/\/www.muniancud.cl\/portal\/wp-content\/uploads\/2026\/01\/WhatsApp-Image-2026-01-22-at-13.51.19.jpeg\" alt=\"\" width=\"1200\" height=\"1600\" srcset=\"https:\/\/www.muniancud.cl\/portal\/wp-content\/uploads\/2026\/01\/WhatsApp-Image-2026-01-22-at-13.51.19.jpeg 1200w, https:\/\/www.muniancud.cl\/portal\/wp-content\/uploads\/2026\/01\/WhatsApp-Image-2026-01-22-at-13.51.19-225x300.jpeg 225w, https:\/\/www.muniancud.cl\/portal\/wp-content\/uploads\/2026\/01\/WhatsApp-Image-2026-01-22-at-13.51.19-768x1024.jpeg 768w, https:\/\/www.muniancud.cl\/portal\/wp-content\/uploads\/2026\/01\/WhatsApp-Image-2026-01-22-at-13.51.19-1152x1536.jpeg 1152w, https:\/\/www.muniancud.cl\/portal\/wp-content\/uploads\/2026\/01\/WhatsApp-Image-2026-01-22-at-13.51.19-696x928.jpeg 696w, https:\/\/www.muniancud.cl\/portal\/wp-content\/uploads\/2026\/01\/WhatsApp-Image-2026-01-22-at-13.51.19-1068x1424.jpeg 1068w, https:\/\/www.muniancud.cl\/portal\/wp-content\/uploads\/2026\/01\/WhatsApp-Image-2026-01-22-at-13.51.19-315x420.jpeg 315w\" sizes=\"auto, (max-width: 1200px) 100vw, 1200px\" \/><\/p>\n<p>&nbsp;<\/p>\n","protected":false},"excerpt":{"rendered":"<p>En las comunas de Ancud y Dalcahue se ejecuta el proyecto \u201cApoyo a la conformaci\u00f3n del Consejo Territorial, formulaci\u00f3n del Plan de Gesti\u00f3n del mismo y elaboraci\u00f3n de planes de desarrollo y gesti\u00f3n a escala predial para unidades piloto demostrativas del Paisaje de Conservaci\u00f3n Chilo\u00e9\u201d, iniciativa financiada por el Fondo Nacional de Desarrollo Regional (FNDR) [&hellip;]<\/p>\n","protected":false},"author":11,"featured_media":36481,"comment_status":"closed","ping_status":"closed","sticky":false,"template":"","format":"standard","meta":{"footnotes":""},"categories":[27,25,4,36],"tags":[],"class_list":["post-36480","post","type-post","status-publish","format-standard","has-post-thumbnail","hentry","category-dideco","category-educacion","category-sala-de-prensa","category-turismo"],"_links":{"self":[{"href":"https:\/\/www.muniancud.cl\/portal\/wp-json\/wp\/v2\/posts\/36480","targetHints":{"allow":["GET"]}}],"collection":[{"href":"https:\/\/www.muniancud.cl\/portal\/wp-json\/wp\/v2\/posts"}],"about":[{"href":"https:\/\/www.muniancud.cl\/portal\/wp-json\/wp\/v2\/types\/post"}],"author":[{"embeddable":true,"href":"https:\/\/www.muniancud.cl\/portal\/wp-json\/wp\/v2\/users\/11"}],"replies":[{"embeddable":true,"href":"https:\/\/www.muniancud.cl\/portal\/wp-json\/wp\/v2\/comments?post=36480"}],"version-history":[{"count":1,"href":"https:\/\/www.muniancud.cl\/portal\/wp-json\/wp\/v2\/posts\/36480\/revisions"}],"predecessor-version":[{"id":36483,"href":"https:\/\/www.muniancud.cl\/portal\/wp-json\/wp\/v2\/posts\/36480\/revisions\/36483"}],"wp:featuredmedia":[{"embeddable":true,"href":"https:\/\/www.muniancud.cl\/portal\/wp-json\/wp\/v2\/media\/36481"}],"wp:attachment":[{"href":"https:\/\/www.muniancud.cl\/portal\/wp-json\/wp\/v2\/media?parent=36480"}],"wp:term":[{"taxonomy":"category","embeddable":true,"href":"https:\/\/www.muniancud.cl\/portal\/wp-json\/wp\/v2\/categories?post=36480"},{"taxonomy":"post_tag","embeddable":true,"href":"https:\/\/www.muniancud.cl\/portal\/wp-json\/wp\/v2\/tags?post=36480"}],"curies":[{"name":"wp","href":"https:\/\/api.w.org\/{rel}","templated":true}]}}