{"id":36486,"date":"2026-01-27T14:39:21","date_gmt":"2026-01-27T17:39:21","guid":{"rendered":"https:\/\/www.muniancud.cl\/portal\/?p=36486"},"modified":"2026-01-27T15:48:04","modified_gmt":"2026-01-27T18:48:04","slug":"auditorias-revelan-millonaria-deuda-y-graves-falencias-en-la-corporacion-municipal-de-ancud","status":"publish","type":"post","link":"https:\/\/www.muniancud.cl\/portal\/auditorias-revelan-millonaria-deuda-y-graves-falencias-en-la-corporacion-municipal-de-ancud\/","title":{"rendered":"Auditor\u00edas revelan millonaria deuda y graves falencias en la Corporaci\u00f3n Municipal de Ancud"},"content":{"rendered":"<p>En la sesi\u00f3n del Consejo Municipal de Ancud realizada hoy, se presentaron los resultados de dos auditor\u00edas a la Corporaci\u00f3n Municipal: una auditor\u00eda general periodos 2021-2024 y una auditor\u00eda especializada en el \u00e1rea de educaci\u00f3n 2021-2023, cuyos hallazgos fueron calificados como graves y reveladores.<\/p>\n<p>Uno de los principales acuerdos adoptados por el Consejo, aprobado por unanimidad, fue avanzar en la contrataci\u00f3n de una auditor\u00eda forense, con el objetivo de realizar la trazabilidad de los gastos y determinar eventuales responsabilidades penales, civiles y administrativas.<\/p>\n<p>Asimismo, por mayor\u00eda del Concejo a excepci\u00f3n del voto de rechazo del Concejal Pablo Vargas quien manifest\u00f3 que su rechazo fue porque el municipio ya cuenta con una unidad jur\u00eddica municipal encargada de asesorar al Consejo Municipal y al Alcalde en estas materias.<\/p>\n<div class=\"x14z9mp xat24cr x1lziwak x1vvkbs xtlvy1s x126k92a\">\n<div dir=\"auto\">De igual manera, se aprob\u00f3 la contrataci\u00f3n de un abogado penalista externo, quien asesorar\u00e1 en las acciones judiciales correspondientes, tanto en causas penales como civiles y administrativas, derivadas de los resultados de las auditor\u00edas, tanto en la Corporaci\u00f3n como en el Municipio.<\/div>\n<\/div>\n<p>&nbsp;<\/p>\n<p>Tambi\u00e9n, se inform\u00f3 que el municipio continuar\u00e1 con investigaciones internas y eventuales sumarios administrativos tanto en la corporaci\u00f3n como en el municipio con el compromiso de resguardar financieramente la atenci\u00f3n primaria de salud, ordenando el sistema contable y evitando situaciones que lleven a generar situaciones tan delicadas y graves como las que hoy se est\u00e1n presentando.<\/p>\n<p>Actualmente, la deuda total supera los 40 mil millones de pesos y que podr\u00eda mucho m\u00e1s, monto que deber\u00e1 ser pagado por d\u00e9cadas mediante descuentos anuales al Fondo Com\u00fan Municipal, lo que condiciona gravemente el desarrollo y progreso de la comuna.<\/p>\n<p><img loading=\"lazy\" decoding=\"async\" class=\"alignnone size-full wp-image-36488\" src=\"https:\/\/www.muniancud.cl\/portal\/wp-content\/uploads\/2026\/01\/WhatsApp-Image-2025-05-29-at-9.25.44-AM-1.jpeg\" alt=\"\" width=\"1600\" height=\"1200\" srcset=\"https:\/\/www.muniancud.cl\/portal\/wp-content\/uploads\/2026\/01\/WhatsApp-Image-2025-05-29-at-9.25.44-AM-1.jpeg 1600w, https:\/\/www.muniancud.cl\/portal\/wp-content\/uploads\/2026\/01\/WhatsApp-Image-2025-05-29-at-9.25.44-AM-1-300x225.jpeg 300w, https:\/\/www.muniancud.cl\/portal\/wp-content\/uploads\/2026\/01\/WhatsApp-Image-2025-05-29-at-9.25.44-AM-1-1024x768.jpeg 1024w, https:\/\/www.muniancud.cl\/portal\/wp-content\/uploads\/2026\/01\/WhatsApp-Image-2025-05-29-at-9.25.44-AM-1-768x576.jpeg 768w, https:\/\/www.muniancud.cl\/portal\/wp-content\/uploads\/2026\/01\/WhatsApp-Image-2025-05-29-at-9.25.44-AM-1-1536x1152.jpeg 1536w, https:\/\/www.muniancud.cl\/portal\/wp-content\/uploads\/2026\/01\/WhatsApp-Image-2025-05-29-at-9.25.44-AM-1-80x60.jpeg 80w, https:\/\/www.muniancud.cl\/portal\/wp-content\/uploads\/2026\/01\/WhatsApp-Image-2025-05-29-at-9.25.44-AM-1-265x198.jpeg 265w, https:\/\/www.muniancud.cl\/portal\/wp-content\/uploads\/2026\/01\/WhatsApp-Image-2025-05-29-at-9.25.44-AM-1-696x522.jpeg 696w, https:\/\/www.muniancud.cl\/portal\/wp-content\/uploads\/2026\/01\/WhatsApp-Image-2025-05-29-at-9.25.44-AM-1-1068x801.jpeg 1068w, https:\/\/www.muniancud.cl\/portal\/wp-content\/uploads\/2026\/01\/WhatsApp-Image-2025-05-29-at-9.25.44-AM-1-560x420.jpeg 560w\" sizes=\"auto, (max-width: 1600px) 100vw, 1600px\" \/><\/p>\n","protected":false},"excerpt":{"rendered":"<p>En la sesi\u00f3n del Consejo Municipal de Ancud realizada hoy, se presentaron los resultados de dos auditor\u00edas a la Corporaci\u00f3n Municipal: una auditor\u00eda general periodos 2021-2024 y una auditor\u00eda especializada en el \u00e1rea de educaci\u00f3n 2021-2023, cuyos hallazgos fueron calificados como graves y reveladores. Uno de los principales acuerdos adoptados por el Consejo, aprobado por [&hellip;]<\/p>\n","protected":false},"author":11,"featured_media":36487,"comment_status":"closed","ping_status":"closed","sticky":false,"template":"","format":"standard","meta":{"footnotes":""},"categories":[25,4,24],"tags":[],"class_list":["post-36486","post","type-post","status-publish","format-standard","has-post-thumbnail","hentry","category-educacion","category-sala-de-prensa","category-salud"],"_links":{"self":[{"href":"https:\/\/www.muniancud.cl\/portal\/wp-json\/wp\/v2\/posts\/36486","targetHints":{"allow":["GET"]}}],"collection":[{"href":"https:\/\/www.muniancud.cl\/portal\/wp-json\/wp\/v2\/posts"}],"about":[{"href":"https:\/\/www.muniancud.cl\/portal\/wp-json\/wp\/v2\/types\/post"}],"author":[{"embeddable":true,"href":"https:\/\/www.muniancud.cl\/portal\/wp-json\/wp\/v2\/users\/11"}],"replies":[{"embeddable":true,"href":"https:\/\/www.muniancud.cl\/portal\/wp-json\/wp\/v2\/comments?post=36486"}],"version-history":[{"count":4,"href":"https:\/\/www.muniancud.cl\/portal\/wp-json\/wp\/v2\/posts\/36486\/revisions"}],"predecessor-version":[{"id":36492,"href":"https:\/\/www.muniancud.cl\/portal\/wp-json\/wp\/v2\/posts\/36486\/revisions\/36492"}],"wp:featuredmedia":[{"embeddable":true,"href":"https:\/\/www.muniancud.cl\/portal\/wp-json\/wp\/v2\/media\/36487"}],"wp:attachment":[{"href":"https:\/\/www.muniancud.cl\/portal\/wp-json\/wp\/v2\/media?parent=36486"}],"wp:term":[{"taxonomy":"category","embeddable":true,"href":"https:\/\/www.muniancud.cl\/portal\/wp-json\/wp\/v2\/categories?post=36486"},{"taxonomy":"post_tag","embeddable":true,"href":"https:\/\/www.muniancud.cl\/portal\/wp-json\/wp\/v2\/tags?post=36486"}],"curies":[{"name":"wp","href":"https:\/\/api.w.org\/{rel}","templated":true}]}}