{"id":36501,"date":"2026-01-29T15:54:17","date_gmt":"2026-01-29T18:54:17","guid":{"rendered":"https:\/\/www.muniancud.cl\/portal\/?p=36501"},"modified":"2026-01-29T15:54:17","modified_gmt":"2026-01-29T18:54:17","slug":"agua-potable-y-alcantarillado-un-futuro-mas-digno-para-el-pasaje-huentelican","status":"publish","type":"post","link":"https:\/\/www.muniancud.cl\/portal\/agua-potable-y-alcantarillado-un-futuro-mas-digno-para-el-pasaje-huentelican\/","title":{"rendered":"Agua potable y alcantarillado: \u201cun futuro m\u00e1s digno para el Pasaje Huentelic\u00e1n\u201d"},"content":{"rendered":"<p>Una importante noticia recibi\u00f3 la comunidad del Pasaje Huentelic\u00e1n, luego de que se confirmara la aprobaci\u00f3n de recursos por parte de la Subsecretar\u00eda de Desarrollo Regional y Administrativo (SUBDERE) para la ejecuci\u00f3n del proyecto de alcantarillado y agua potable del sector.<\/p>\n<p>El anuncio fue realizado por el alcalde Andr\u00e9s Ojeda, quien se reuni\u00f3 con vecinas y vecinos del pasaje para informar sobre este significativo avance que permitir\u00e1 mejorar de manera sustancial las condiciones de vida de las familias que por a\u00f1os han esperado una soluci\u00f3n definitiva en materia de infraestructura sanitaria.<\/p>\n<p>La iniciativa responde a un compromiso asumido por la actual administraci\u00f3n municipal y representa un hito relevante para el Pasaje Huentelic\u00e1n, sector que hist\u00f3ricamente ha enfrentado postergaciones en el acceso a servicios b\u00e1sicos.<\/p>\n<p>La aprobaci\u00f3n de estos recursos marca el inicio de un proceso que permitir\u00e1 dotar a la comunidad de un sistema de alcantarillado y agua potable adecuada, contribuyendo a condiciones m\u00e1s dignas, seguras y saludables.<\/p>\n<p>Desde el municipio se destac\u00f3 la importancia del trabajo colaborativo con la comunidad, valorando la participaci\u00f3n activa de los vecinos y vecinas durante las distintas etapas de este proyecto, as\u00ed como la confianza depositada en la gesti\u00f3n municipal para avanzar en soluciones concretas que impacten positivamente en el bienestar de las personas.<\/p>\n<p>\u201cEste proyecto es un compromiso que asumimos con los vecinos y que hoy comienza a hacerse realidad, avanzando en mejorar su calidad de vida\u201d, se\u00f1al\u00f3 el alcalde Andr\u00e9s Ojeda.<\/p>\n<p><img loading=\"lazy\" decoding=\"async\" class=\"alignnone size-full wp-image-36502\" src=\"https:\/\/www.muniancud.cl\/portal\/wp-content\/uploads\/2026\/01\/623863860_10241588826960658_6374296532613445448_n.jpg\" alt=\"\" width=\"1600\" height=\"1200\" srcset=\"https:\/\/www.muniancud.cl\/portal\/wp-content\/uploads\/2026\/01\/623863860_10241588826960658_6374296532613445448_n.jpg 1600w, https:\/\/www.muniancud.cl\/portal\/wp-content\/uploads\/2026\/01\/623863860_10241588826960658_6374296532613445448_n-300x225.jpg 300w, https:\/\/www.muniancud.cl\/portal\/wp-content\/uploads\/2026\/01\/623863860_10241588826960658_6374296532613445448_n-1024x768.jpg 1024w, https:\/\/www.muniancud.cl\/portal\/wp-content\/uploads\/2026\/01\/623863860_10241588826960658_6374296532613445448_n-768x576.jpg 768w, https:\/\/www.muniancud.cl\/portal\/wp-content\/uploads\/2026\/01\/623863860_10241588826960658_6374296532613445448_n-1536x1152.jpg 1536w, https:\/\/www.muniancud.cl\/portal\/wp-content\/uploads\/2026\/01\/623863860_10241588826960658_6374296532613445448_n-80x60.jpg 80w, https:\/\/www.muniancud.cl\/portal\/wp-content\/uploads\/2026\/01\/623863860_10241588826960658_6374296532613445448_n-265x198.jpg 265w, https:\/\/www.muniancud.cl\/portal\/wp-content\/uploads\/2026\/01\/623863860_10241588826960658_6374296532613445448_n-696x522.jpg 696w, https:\/\/www.muniancud.cl\/portal\/wp-content\/uploads\/2026\/01\/623863860_10241588826960658_6374296532613445448_n-1068x801.jpg 1068w, https:\/\/www.muniancud.cl\/portal\/wp-content\/uploads\/2026\/01\/623863860_10241588826960658_6374296532613445448_n-560x420.jpg 560w\" sizes=\"auto, (max-width: 1600px) 100vw, 1600px\" \/><\/p>\n","protected":false},"excerpt":{"rendered":"<p>Una importante noticia recibi\u00f3 la comunidad del Pasaje Huentelic\u00e1n, luego de que se confirmara la aprobaci\u00f3n de recursos por parte de la Subsecretar\u00eda de Desarrollo Regional y Administrativo (SUBDERE) para la ejecuci\u00f3n del proyecto de alcantarillado y agua potable del sector. El anuncio fue realizado por el alcalde Andr\u00e9s Ojeda, quien se reuni\u00f3 con vecinas [&hellip;]<\/p>\n","protected":false},"author":11,"featured_media":0,"comment_status":"closed","ping_status":"closed","sticky":false,"template":"","format":"standard","meta":{"footnotes":""},"categories":[28,30,4,29],"tags":[],"class_list":["post-36501","post","type-post","status-publish","format-standard","hentry","category-obras-municipales","category-operaciones","category-sala-de-prensa","category-secplan"],"_links":{"self":[{"href":"https:\/\/www.muniancud.cl\/portal\/wp-json\/wp\/v2\/posts\/36501","targetHints":{"allow":["GET"]}}],"collection":[{"href":"https:\/\/www.muniancud.cl\/portal\/wp-json\/wp\/v2\/posts"}],"about":[{"href":"https:\/\/www.muniancud.cl\/portal\/wp-json\/wp\/v2\/types\/post"}],"author":[{"embeddable":true,"href":"https:\/\/www.muniancud.cl\/portal\/wp-json\/wp\/v2\/users\/11"}],"replies":[{"embeddable":true,"href":"https:\/\/www.muniancud.cl\/portal\/wp-json\/wp\/v2\/comments?post=36501"}],"version-history":[{"count":1,"href":"https:\/\/www.muniancud.cl\/portal\/wp-json\/wp\/v2\/posts\/36501\/revisions"}],"predecessor-version":[{"id":36503,"href":"https:\/\/www.muniancud.cl\/portal\/wp-json\/wp\/v2\/posts\/36501\/revisions\/36503"}],"wp:attachment":[{"href":"https:\/\/www.muniancud.cl\/portal\/wp-json\/wp\/v2\/media?parent=36501"}],"wp:term":[{"taxonomy":"category","embeddable":true,"href":"https:\/\/www.muniancud.cl\/portal\/wp-json\/wp\/v2\/categories?post=36501"},{"taxonomy":"post_tag","embeddable":true,"href":"https:\/\/www.muniancud.cl\/portal\/wp-json\/wp\/v2\/tags?post=36501"}],"curies":[{"name":"wp","href":"https:\/\/api.w.org\/{rel}","templated":true}]}}