{"id":36661,"date":"2026-03-06T09:46:52","date_gmt":"2026-03-06T12:46:52","guid":{"rendered":"https:\/\/www.muniancud.cl\/portal\/?p=36661"},"modified":"2026-03-06T09:47:48","modified_gmt":"2026-03-06T12:47:48","slug":"ancud-aprueba-inicio-del-proceso-para-municipalizar-la-salud-primaria","status":"publish","type":"post","link":"https:\/\/www.muniancud.cl\/portal\/ancud-aprueba-inicio-del-proceso-para-municipalizar-la-salud-primaria\/","title":{"rendered":"Ancud aprueba inicio del proceso para municipalizar la salud primaria"},"content":{"rendered":"<p class=\"isselectedend\">En una asamblea de la Corporaci\u00f3n Municipal de Ancud se aprob\u00f3, por mayor\u00eda, iniciar el proceso formal para traspasar la atenci\u00f3n primaria de salud nuevamente al municipio. La decisi\u00f3n marca el comienzo de una etapa administrativa que busca garantizar estabilidad financiera, continuidad en la entrega de medicamentos y mejorar la gesti\u00f3n del sistema de salud comunal.<\/p>\n<p class=\"isselectedend\">El alcalde Andr\u00e9s Ojeda explic\u00f3 que la votaci\u00f3n realizada en la asamblea permite que el directorio de la corporaci\u00f3n presente una solicitud formal al municipio para comenzar el proceso de traspaso. A partir de ahora, la municipalidad deber\u00e1 revisar y aplicar los mecanismos necesarios para concretar la municipalizaci\u00f3n de la salud.<\/p>\n<p class=\"isselectedend\">Seg\u00fan la autoridad comunal, el objetivo principal es asegurar la estabilidad financiera de los funcionarios de la atenci\u00f3n primaria, garantizar el abastecimiento de medicamentos en el futuro y posteriormente, enfocarse en mejorar la gesti\u00f3n del sistema de salud, respondiendo as\u00ed a las demandas de la comunidad.<\/p>\n<p class=\"isselectedend\">El proceso se ha desarrollado durante aproximadamente ocho meses, per\u00edodo en el que se han realizado reuniones y coordinaciones con distintos actores involucrados. El alcalde destac\u00f3 que el trabajo se ha llevado adelante con transparencia y di\u00e1logo permanente con los gremios de la salud, quienes han manifestado su apoyo a la iniciativa.<\/p>\n<p class=\"isselectedend\">Asimismo, el edil aclar\u00f3 a la comunidad que la Corporaci\u00f3n Municipal no desaparecer\u00e1. La entidad continuar\u00e1 existiendo como organizaci\u00f3n, mientras que el cambio se enfocar\u00e1 espec\u00edficamente en que el \u00e1rea de salud pase a ser administrada directamente por el municipio.<\/p>\n<p>Agregando, que el proceso continuar\u00e1 desarroll\u00e1ndose paso a paso, informando y transparentando cada etapa para asegurar que el traspaso se realice seg\u00fan lo planificado.<\/p>\n<p><img loading=\"lazy\" decoding=\"async\" class=\"alignnone size-full wp-image-36663\" src=\"https:\/\/www.muniancud.cl\/portal\/wp-content\/uploads\/2026\/03\/WhatsApp-Image-2026-03-05-at-18.49.15.jpeg\" alt=\"\" width=\"1600\" height=\"1200\" srcset=\"https:\/\/www.muniancud.cl\/portal\/wp-content\/uploads\/2026\/03\/WhatsApp-Image-2026-03-05-at-18.49.15.jpeg 1600w, https:\/\/www.muniancud.cl\/portal\/wp-content\/uploads\/2026\/03\/WhatsApp-Image-2026-03-05-at-18.49.15-300x225.jpeg 300w, https:\/\/www.muniancud.cl\/portal\/wp-content\/uploads\/2026\/03\/WhatsApp-Image-2026-03-05-at-18.49.15-1024x768.jpeg 1024w, https:\/\/www.muniancud.cl\/portal\/wp-content\/uploads\/2026\/03\/WhatsApp-Image-2026-03-05-at-18.49.15-768x576.jpeg 768w, https:\/\/www.muniancud.cl\/portal\/wp-content\/uploads\/2026\/03\/WhatsApp-Image-2026-03-05-at-18.49.15-1536x1152.jpeg 1536w, https:\/\/www.muniancud.cl\/portal\/wp-content\/uploads\/2026\/03\/WhatsApp-Image-2026-03-05-at-18.49.15-80x60.jpeg 80w, https:\/\/www.muniancud.cl\/portal\/wp-content\/uploads\/2026\/03\/WhatsApp-Image-2026-03-05-at-18.49.15-265x198.jpeg 265w, https:\/\/www.muniancud.cl\/portal\/wp-content\/uploads\/2026\/03\/WhatsApp-Image-2026-03-05-at-18.49.15-696x522.jpeg 696w, https:\/\/www.muniancud.cl\/portal\/wp-content\/uploads\/2026\/03\/WhatsApp-Image-2026-03-05-at-18.49.15-1068x801.jpeg 1068w, https:\/\/www.muniancud.cl\/portal\/wp-content\/uploads\/2026\/03\/WhatsApp-Image-2026-03-05-at-18.49.15-560x420.jpeg 560w\" sizes=\"auto, (max-width: 1600px) 100vw, 1600px\" \/><\/p>\n","protected":false},"excerpt":{"rendered":"<p>En una asamblea de la Corporaci\u00f3n Municipal de Ancud se aprob\u00f3, por mayor\u00eda, iniciar el proceso formal para traspasar la atenci\u00f3n primaria de salud nuevamente al municipio. La decisi\u00f3n marca el comienzo de una etapa administrativa que busca garantizar estabilidad financiera, continuidad en la entrega de medicamentos y mejorar la gesti\u00f3n del sistema de salud [&hellip;]<\/p>\n","protected":false},"author":11,"featured_media":36662,"comment_status":"closed","ping_status":"closed","sticky":false,"template":"","format":"standard","meta":{"footnotes":""},"categories":[25,4,1],"tags":[],"class_list":["post-36661","post","type-post","status-publish","format-standard","has-post-thumbnail","hentry","category-educacion","category-sala-de-prensa","category-sin-categoria"],"_links":{"self":[{"href":"https:\/\/www.muniancud.cl\/portal\/wp-json\/wp\/v2\/posts\/36661","targetHints":{"allow":["GET"]}}],"collection":[{"href":"https:\/\/www.muniancud.cl\/portal\/wp-json\/wp\/v2\/posts"}],"about":[{"href":"https:\/\/www.muniancud.cl\/portal\/wp-json\/wp\/v2\/types\/post"}],"author":[{"embeddable":true,"href":"https:\/\/www.muniancud.cl\/portal\/wp-json\/wp\/v2\/users\/11"}],"replies":[{"embeddable":true,"href":"https:\/\/www.muniancud.cl\/portal\/wp-json\/wp\/v2\/comments?post=36661"}],"version-history":[{"count":1,"href":"https:\/\/www.muniancud.cl\/portal\/wp-json\/wp\/v2\/posts\/36661\/revisions"}],"predecessor-version":[{"id":36664,"href":"https:\/\/www.muniancud.cl\/portal\/wp-json\/wp\/v2\/posts\/36661\/revisions\/36664"}],"wp:featuredmedia":[{"embeddable":true,"href":"https:\/\/www.muniancud.cl\/portal\/wp-json\/wp\/v2\/media\/36662"}],"wp:attachment":[{"href":"https:\/\/www.muniancud.cl\/portal\/wp-json\/wp\/v2\/media?parent=36661"}],"wp:term":[{"taxonomy":"category","embeddable":true,"href":"https:\/\/www.muniancud.cl\/portal\/wp-json\/wp\/v2\/categories?post=36661"},{"taxonomy":"post_tag","embeddable":true,"href":"https:\/\/www.muniancud.cl\/portal\/wp-json\/wp\/v2\/tags?post=36661"}],"curies":[{"name":"wp","href":"https:\/\/api.w.org\/{rel}","templated":true}]}}