{"id":36668,"date":"2026-03-09T16:07:14","date_gmt":"2026-03-09T19:07:14","guid":{"rendered":"https:\/\/www.muniancud.cl\/portal\/?p=36668"},"modified":"2026-03-09T16:07:14","modified_gmt":"2026-03-09T19:07:14","slug":"comenzaron-trabajos-de-reparacion-en-calle-eleuterio-ramirez-de-ancud","status":"publish","type":"post","link":"https:\/\/www.muniancud.cl\/portal\/comenzaron-trabajos-de-reparacion-en-calle-eleuterio-ramirez-de-ancud\/","title":{"rendered":"Comenzaron trabajos de reparaci\u00f3n en calle Eleuterio Ram\u00edrez de Ancud"},"content":{"rendered":"<p class=\"isselectedend\">Desde este lunes 9 de marzo comenzaron los trabajos de reparaci\u00f3n en la calle Eleuterio Ram\u00edrez de Ancud, obras que obligaron a suspender el tr\u00e1nsito vehicular en el tramo comprendido entre calle Blanco Encalada y calle Monse\u00f1or Aguilera.<\/p>\n<p class=\"isselectedend\">La medida fue informada por la Municipalidad de Ancud a trav\u00e9s de su Departamento de Tr\u00e1nsito, indicando que las labores se extender\u00e1n hasta el pr\u00f3ximo 23 de marzo, periodo durante el cual se realizar\u00e1n trabajos destinados a mejorar las condiciones de la v\u00eda.<\/p>\n<p class=\"isselectedend\">Debido a estas obras, tambi\u00e9n se implement\u00f3 una modificaci\u00f3n temporal en el tr\u00e1nsito de calle Monse\u00f1or Aguilera, estableci\u00e9ndose circulaci\u00f3n en sentido sur a norte mientras se desarrollan los trabajos.<\/p>\n<p class=\"isselectedend\">Desde el municipio hicieron un llamado a conductores y peatones a tomar las precauciones necesarias, respetar la se\u00f1alizaci\u00f3n instalada en el sector y preferir v\u00edas alternativas, con el objetivo de facilitar el desarrollo seguro de las obras y evitar inconvenientes en el tr\u00e1nsito.<\/p>\n<p>Las autoridades reiteraron que estas intervenciones buscan mejorar la conectividad y seguridad vial en uno de los puntos de circulaci\u00f3n de la ciudad.<\/p>\n<p><img loading=\"lazy\" decoding=\"async\" class=\"alignnone size-full wp-image-36671\" src=\"https:\/\/www.muniancud.cl\/portal\/wp-content\/uploads\/2026\/03\/WhatsApp-Image-2026-03-09-at-15.47.21-2.jpeg\" alt=\"\" width=\"1280\" height=\"720\" srcset=\"https:\/\/www.muniancud.cl\/portal\/wp-content\/uploads\/2026\/03\/WhatsApp-Image-2026-03-09-at-15.47.21-2.jpeg 1280w, https:\/\/www.muniancud.cl\/portal\/wp-content\/uploads\/2026\/03\/WhatsApp-Image-2026-03-09-at-15.47.21-2-300x169.jpeg 300w, https:\/\/www.muniancud.cl\/portal\/wp-content\/uploads\/2026\/03\/WhatsApp-Image-2026-03-09-at-15.47.21-2-1024x576.jpeg 1024w, https:\/\/www.muniancud.cl\/portal\/wp-content\/uploads\/2026\/03\/WhatsApp-Image-2026-03-09-at-15.47.21-2-768x432.jpeg 768w, https:\/\/www.muniancud.cl\/portal\/wp-content\/uploads\/2026\/03\/WhatsApp-Image-2026-03-09-at-15.47.21-2-696x392.jpeg 696w, https:\/\/www.muniancud.cl\/portal\/wp-content\/uploads\/2026\/03\/WhatsApp-Image-2026-03-09-at-15.47.21-2-1068x601.jpeg 1068w, https:\/\/www.muniancud.cl\/portal\/wp-content\/uploads\/2026\/03\/WhatsApp-Image-2026-03-09-at-15.47.21-2-747x420.jpeg 747w\" sizes=\"auto, (max-width: 1280px) 100vw, 1280px\" \/><\/p>\n","protected":false},"excerpt":{"rendered":"<p>Desde este lunes 9 de marzo comenzaron los trabajos de reparaci\u00f3n en la calle Eleuterio Ram\u00edrez de Ancud, obras que obligaron a suspender el tr\u00e1nsito vehicular en el tramo comprendido entre calle Blanco Encalada y calle Monse\u00f1or Aguilera. La medida fue informada por la Municipalidad de Ancud a trav\u00e9s de su Departamento de Tr\u00e1nsito, indicando [&hellip;]<\/p>\n","protected":false},"author":11,"featured_media":36670,"comment_status":"closed","ping_status":"closed","sticky":false,"template":"","format":"standard","meta":{"footnotes":""},"categories":[4,29],"tags":[],"class_list":["post-36668","post","type-post","status-publish","format-standard","has-post-thumbnail","hentry","category-sala-de-prensa","category-secplan"],"_links":{"self":[{"href":"https:\/\/www.muniancud.cl\/portal\/wp-json\/wp\/v2\/posts\/36668","targetHints":{"allow":["GET"]}}],"collection":[{"href":"https:\/\/www.muniancud.cl\/portal\/wp-json\/wp\/v2\/posts"}],"about":[{"href":"https:\/\/www.muniancud.cl\/portal\/wp-json\/wp\/v2\/types\/post"}],"author":[{"embeddable":true,"href":"https:\/\/www.muniancud.cl\/portal\/wp-json\/wp\/v2\/users\/11"}],"replies":[{"embeddable":true,"href":"https:\/\/www.muniancud.cl\/portal\/wp-json\/wp\/v2\/comments?post=36668"}],"version-history":[{"count":1,"href":"https:\/\/www.muniancud.cl\/portal\/wp-json\/wp\/v2\/posts\/36668\/revisions"}],"predecessor-version":[{"id":36672,"href":"https:\/\/www.muniancud.cl\/portal\/wp-json\/wp\/v2\/posts\/36668\/revisions\/36672"}],"wp:featuredmedia":[{"embeddable":true,"href":"https:\/\/www.muniancud.cl\/portal\/wp-json\/wp\/v2\/media\/36670"}],"wp:attachment":[{"href":"https:\/\/www.muniancud.cl\/portal\/wp-json\/wp\/v2\/media?parent=36668"}],"wp:term":[{"taxonomy":"category","embeddable":true,"href":"https:\/\/www.muniancud.cl\/portal\/wp-json\/wp\/v2\/categories?post=36668"},{"taxonomy":"post_tag","embeddable":true,"href":"https:\/\/www.muniancud.cl\/portal\/wp-json\/wp\/v2\/tags?post=36668"}],"curies":[{"name":"wp","href":"https:\/\/api.w.org\/{rel}","templated":true}]}}