{"id":36702,"date":"2026-03-17T17:56:52","date_gmt":"2026-03-17T20:56:52","guid":{"rendered":"https:\/\/www.muniancud.cl\/portal\/?p=36702"},"modified":"2026-03-17T17:56:52","modified_gmt":"2026-03-17T20:56:52","slug":"campeones-regionales-de-cueca-psd-representaran-a-la-region-en-campeonato-nacional-de-cueca-peumo-2026","status":"publish","type":"post","link":"https:\/\/www.muniancud.cl\/portal\/campeones-regionales-de-cueca-psd-representaran-a-la-region-en-campeonato-nacional-de-cueca-peumo-2026\/","title":{"rendered":"Campeones regionales de cueca PSD representar\u00e1n a la regi\u00f3n en campeonato nacional de Cueca Peumo 2026"},"content":{"rendered":"<p>Los j\u00f3venes Francisca Z\u00fa\u00f1iga Gonz\u00e1lez y David Barr\u00eda, representantes de la comuna de Ancud, se coronaron campeones del Campeonato Regional de Cueca para Personas con Discapacidad (PSD), obteniendo as\u00ed el derecho a participar en el Segundo Campeonato Nacional de Cueca para PSD, que se realizar\u00e1 durante el mes de agosto (fecha a\u00fan por confirmar) en la comuna de Peumo, Regi\u00f3n de O&#8217;Higgins.<\/p>\n<p>En este certamen regional participaron representantes de cinco comunas del sur del pa\u00eds: Frutillar, Curaco de V\u00e9lez, Dalcahue, Quell\u00f3n y Ancud. El segundo lugar fue obtenido por la pareja de Frutillar, mientras que el tercer puesto qued\u00f3 en manos de los representantes de Quell\u00f3n.<\/p>\n<p>Durante todo el proceso los j\u00f3venes campeones han contado con el apoyo de la Oficina Municipal de Discapacidad de Ancud, entidad que continuar\u00e1 acompa\u00f1\u00e1ndolos tanto en su preparaci\u00f3n como en las pr\u00f3ximas instancias de competencia.<\/p>\n<p>Ahora,la pareja deber\u00e1 enfrentar un arduo proceso de preparaci\u00f3n, adem\u00e1s de trabajar en la b\u00fasqueda de recursos que permitan costear su participaci\u00f3n en el campeonato nacional.<\/p>\n<p>Al respecto, Ignacio Z\u00fa\u00f1iga, hermano de Francisca, expres\u00f3 la emoci\u00f3n de la familia por este importante logro.<\/p>\n<p>\u201cComo familia siempre hemos estado ligados a las tradiciones. Vibramos con el rodeo y fue la Fran quien nos abri\u00f3 este camino de vivir la cueca. Estamos muy emocionados por lo que significa esto, por lo lindo que bailaron los chicos y tambi\u00e9n felices por todas las parejas que participaron y lo hicieron de la mejor manera. Nos sentimos orgullosos como familia, como ancuditanos y como grupo cuequero\u201d, resalt\u00f3.<\/p>\n<p>El triunfo de Francisca Z\u00fa\u00f1iga y David Barr\u00eda no solo representa un logro personal, sino tambi\u00e9n <strong>un motivo de orgullo para la comunidad de Ancud<\/strong>, que ahora los ver\u00e1 representar a la comuna en el escenario nacional de la cueca.<\/p>\n<p><img loading=\"lazy\" decoding=\"async\" class=\"alignnone size-full wp-image-36704\" src=\"https:\/\/www.muniancud.cl\/portal\/wp-content\/uploads\/2026\/03\/WhatsApp-Image-2026-03-14-at-20.05.50-1.jpeg\" alt=\"\" width=\"1280\" height=\"720\" srcset=\"https:\/\/www.muniancud.cl\/portal\/wp-content\/uploads\/2026\/03\/WhatsApp-Image-2026-03-14-at-20.05.50-1.jpeg 1280w, https:\/\/www.muniancud.cl\/portal\/wp-content\/uploads\/2026\/03\/WhatsApp-Image-2026-03-14-at-20.05.50-1-300x169.jpeg 300w, https:\/\/www.muniancud.cl\/portal\/wp-content\/uploads\/2026\/03\/WhatsApp-Image-2026-03-14-at-20.05.50-1-1024x576.jpeg 1024w, https:\/\/www.muniancud.cl\/portal\/wp-content\/uploads\/2026\/03\/WhatsApp-Image-2026-03-14-at-20.05.50-1-768x432.jpeg 768w, https:\/\/www.muniancud.cl\/portal\/wp-content\/uploads\/2026\/03\/WhatsApp-Image-2026-03-14-at-20.05.50-1-696x392.jpeg 696w, https:\/\/www.muniancud.cl\/portal\/wp-content\/uploads\/2026\/03\/WhatsApp-Image-2026-03-14-at-20.05.50-1-1068x601.jpeg 1068w, https:\/\/www.muniancud.cl\/portal\/wp-content\/uploads\/2026\/03\/WhatsApp-Image-2026-03-14-at-20.05.50-1-747x420.jpeg 747w\" sizes=\"auto, (max-width: 1280px) 100vw, 1280px\" \/><\/p>\n<p>&nbsp;<\/p>\n","protected":false},"excerpt":{"rendered":"<p>Los j\u00f3venes Francisca Z\u00fa\u00f1iga Gonz\u00e1lez y David Barr\u00eda, representantes de la comuna de Ancud, se coronaron campeones del Campeonato Regional de Cueca para Personas con Discapacidad (PSD), obteniendo as\u00ed el derecho a participar en el Segundo Campeonato Nacional de Cueca para PSD, que se realizar\u00e1 durante el mes de agosto (fecha a\u00fan por confirmar) en [&hellip;]<\/p>\n","protected":false},"author":11,"featured_media":36703,"comment_status":"closed","ping_status":"closed","sticky":false,"template":"","format":"standard","meta":{"footnotes":""},"categories":[27,4],"tags":[],"class_list":["post-36702","post","type-post","status-publish","format-standard","has-post-thumbnail","hentry","category-dideco","category-sala-de-prensa"],"_links":{"self":[{"href":"https:\/\/www.muniancud.cl\/portal\/wp-json\/wp\/v2\/posts\/36702","targetHints":{"allow":["GET"]}}],"collection":[{"href":"https:\/\/www.muniancud.cl\/portal\/wp-json\/wp\/v2\/posts"}],"about":[{"href":"https:\/\/www.muniancud.cl\/portal\/wp-json\/wp\/v2\/types\/post"}],"author":[{"embeddable":true,"href":"https:\/\/www.muniancud.cl\/portal\/wp-json\/wp\/v2\/users\/11"}],"replies":[{"embeddable":true,"href":"https:\/\/www.muniancud.cl\/portal\/wp-json\/wp\/v2\/comments?post=36702"}],"version-history":[{"count":1,"href":"https:\/\/www.muniancud.cl\/portal\/wp-json\/wp\/v2\/posts\/36702\/revisions"}],"predecessor-version":[{"id":36705,"href":"https:\/\/www.muniancud.cl\/portal\/wp-json\/wp\/v2\/posts\/36702\/revisions\/36705"}],"wp:featuredmedia":[{"embeddable":true,"href":"https:\/\/www.muniancud.cl\/portal\/wp-json\/wp\/v2\/media\/36703"}],"wp:attachment":[{"href":"https:\/\/www.muniancud.cl\/portal\/wp-json\/wp\/v2\/media?parent=36702"}],"wp:term":[{"taxonomy":"category","embeddable":true,"href":"https:\/\/www.muniancud.cl\/portal\/wp-json\/wp\/v2\/categories?post=36702"},{"taxonomy":"post_tag","embeddable":true,"href":"https:\/\/www.muniancud.cl\/portal\/wp-json\/wp\/v2\/tags?post=36702"}],"curies":[{"name":"wp","href":"https:\/\/api.w.org\/{rel}","templated":true}]}}