{"id":36805,"date":"2026-04-27T10:39:09","date_gmt":"2026-04-27T14:39:09","guid":{"rendered":"https:\/\/www.muniancud.cl\/portal\/?p=36805"},"modified":"2026-04-27T10:39:09","modified_gmt":"2026-04-27T14:39:09","slug":"ancud-impulsa-su-turismo-en-ferias-nacionales-e-internacionales","status":"publish","type":"post","link":"https:\/\/www.muniancud.cl\/portal\/ancud-impulsa-su-turismo-en-ferias-nacionales-e-internacionales\/","title":{"rendered":"Ancud impulsa su turismo en ferias nacionales e internacionales"},"content":{"rendered":"<p>Ancud contin\u00faa consolidando su posicionamiento como destino tur\u00edstico durante todo el a\u00f1o, participando activamente en importantes instancias de difusi\u00f3n a nivel nacional e internacional.<\/p>\n<p>En esta oportunidad, la comuna estuvo presente en la FITVAL 2026, Feria Internacional de Turismo de Valpara\u00edso, Regi\u00f3n de Chile, realizada los d\u00edas 23, 24 y 25 de abril, evento que reuni\u00f3 a representantes de m\u00e1s de 13 pa\u00edses y congreg\u00f3 a m\u00e1s de 13.000 asistentes.<\/p>\n<p>Durante la feria, Ancud desarroll\u00f3 una activa labor de promoci\u00f3n de sus principales atractivos tur\u00edsticos, destacando su identidad natural, cultural e hist\u00f3rica.<\/p>\n<p>Para ello, se entreg\u00f3 material informativo y de difusi\u00f3n como postales, mapas tur\u00edsticos y el c\u00f3mic \u201cGuardianes de Chilo\u00e9\u201d, generando gran inter\u00e9s entre los visitantes y profesionales del sector.<\/p>\n<p>Esta participaci\u00f3n se enmarca dentro de una estrategia m\u00e1s amplia de posicionamiento territorial donde Ancud ha tenido una presencia destacada en tres importantes ferias del turismo durante el mes de abril; Seatrade en Miami (Estados Unidos), Carnaval Mayor en \u00d1u\u00f1oa, Santiago y FITVAL en Valpara\u00edso.<\/p>\n<p>Con estas acciones el municipio busca fortalecer su visibilidad en mercados tur\u00edsticos clave, promoviendo a Ancud como un destino atractivo durante todo el a\u00f1o, con una oferta diversa que integra naturaleza, patrimonio, gastronom\u00eda y experiencias culturales \u00fanicas del archipi\u00e9lago de Chilo\u00e9.<\/p>\n<p><img loading=\"lazy\" decoding=\"async\" class=\"alignnone size-full wp-image-36807\" src=\"https:\/\/www.muniancud.cl\/portal\/wp-content\/uploads\/2026\/04\/image-2.png\" alt=\"\" width=\"1361\" height=\"765\" srcset=\"https:\/\/www.muniancud.cl\/portal\/wp-content\/uploads\/2026\/04\/image-2.png 1361w, https:\/\/www.muniancud.cl\/portal\/wp-content\/uploads\/2026\/04\/image-2-300x169.png 300w, https:\/\/www.muniancud.cl\/portal\/wp-content\/uploads\/2026\/04\/image-2-1024x576.png 1024w, https:\/\/www.muniancud.cl\/portal\/wp-content\/uploads\/2026\/04\/image-2-768x432.png 768w, https:\/\/www.muniancud.cl\/portal\/wp-content\/uploads\/2026\/04\/image-2-696x391.png 696w, https:\/\/www.muniancud.cl\/portal\/wp-content\/uploads\/2026\/04\/image-2-1068x600.png 1068w, https:\/\/www.muniancud.cl\/portal\/wp-content\/uploads\/2026\/04\/image-2-747x420.png 747w\" sizes=\"auto, (max-width: 1361px) 100vw, 1361px\" \/><\/p>\n","protected":false},"excerpt":{"rendered":"<p>Ancud contin\u00faa consolidando su posicionamiento como destino tur\u00edstico durante todo el a\u00f1o, participando activamente en importantes instancias de difusi\u00f3n a nivel nacional e internacional. En esta oportunidad, la comuna estuvo presente en la FITVAL 2026, Feria Internacional de Turismo de Valpara\u00edso, Regi\u00f3n de Chile, realizada los d\u00edas 23, 24 y 25 de abril, evento que [&hellip;]<\/p>\n","protected":false},"author":11,"featured_media":36806,"comment_status":"closed","ping_status":"closed","sticky":false,"template":"","format":"standard","meta":{"footnotes":""},"categories":[26,34,4,36],"tags":[],"class_list":["post-36805","post","type-post","status-publish","format-standard","has-post-thumbnail","hentry","category-cultura","category-ditufop","category-sala-de-prensa","category-turismo"],"_links":{"self":[{"href":"https:\/\/www.muniancud.cl\/portal\/wp-json\/wp\/v2\/posts\/36805","targetHints":{"allow":["GET"]}}],"collection":[{"href":"https:\/\/www.muniancud.cl\/portal\/wp-json\/wp\/v2\/posts"}],"about":[{"href":"https:\/\/www.muniancud.cl\/portal\/wp-json\/wp\/v2\/types\/post"}],"author":[{"embeddable":true,"href":"https:\/\/www.muniancud.cl\/portal\/wp-json\/wp\/v2\/users\/11"}],"replies":[{"embeddable":true,"href":"https:\/\/www.muniancud.cl\/portal\/wp-json\/wp\/v2\/comments?post=36805"}],"version-history":[{"count":1,"href":"https:\/\/www.muniancud.cl\/portal\/wp-json\/wp\/v2\/posts\/36805\/revisions"}],"predecessor-version":[{"id":36808,"href":"https:\/\/www.muniancud.cl\/portal\/wp-json\/wp\/v2\/posts\/36805\/revisions\/36808"}],"wp:featuredmedia":[{"embeddable":true,"href":"https:\/\/www.muniancud.cl\/portal\/wp-json\/wp\/v2\/media\/36806"}],"wp:attachment":[{"href":"https:\/\/www.muniancud.cl\/portal\/wp-json\/wp\/v2\/media?parent=36805"}],"wp:term":[{"taxonomy":"category","embeddable":true,"href":"https:\/\/www.muniancud.cl\/portal\/wp-json\/wp\/v2\/categories?post=36805"},{"taxonomy":"post_tag","embeddable":true,"href":"https:\/\/www.muniancud.cl\/portal\/wp-json\/wp\/v2\/tags?post=36805"}],"curies":[{"name":"wp","href":"https:\/\/api.w.org\/{rel}","templated":true}]}}