{"id":36811,"date":"2026-04-28T16:27:08","date_gmt":"2026-04-28T20:27:08","guid":{"rendered":"https:\/\/www.muniancud.cl\/portal\/?p=36811"},"modified":"2026-04-28T16:27:08","modified_gmt":"2026-04-28T20:27:08","slug":"alcalde-supervisa-danos-en-semaforos-tras-temporal-en-ancud-y-anuncia-inversion-para-su-renovacion","status":"publish","type":"post","link":"https:\/\/www.muniancud.cl\/portal\/alcalde-supervisa-danos-en-semaforos-tras-temporal-en-ancud-y-anuncia-inversion-para-su-renovacion\/","title":{"rendered":"Alcalde supervisa da\u00f1os en sem\u00e1foros tras temporal en Ancud y anuncia inversi\u00f3n para su renovaci\u00f3n"},"content":{"rendered":"<p>A ra\u00edz del temporal de viento que afecta a la ciudad de Ancud, el alcalde Andr\u00e9s Ojeda realiz\u00f3 una supervisi\u00f3n en terreno del estado del sistema de sem\u00e1foros, constatando importantes da\u00f1os en su infraestructura.<\/p>\n<p>La autoridad comunal se\u00f1al\u00f3 que los sem\u00e1foros tienen una antig\u00fcedad de 13 a\u00f1os, lo que los vuelve obsoletos frente a las actuales necesidades. De hecho, durante el evento clim\u00e1tico, al menos uno de ellos se desprendi\u00f3 evidenciando su deterioro.<\/p>\n<p>Asimismo, explic\u00f3 que diversas licitaciones para su mantenci\u00f3n han sido declaradas desiertas lo que ha dificultado su adecuada conservaci\u00f3n.<\/p>\n<p>Ante este escenario, el municipio tom\u00f3 la decisi\u00f3n de invertir 100 millones de pesos, recursos aprobados por el Concejo Municipal para renovar completamente el sistema de semaforizaci\u00f3n.<\/p>\n<p>La licitaci\u00f3n correspondiente se encuentra en proceso y cerrar\u00e1 en ocho d\u00edas, esperando que el proyecto se concrete en los pr\u00f3ximos meses. El nuevo sistema ser\u00e1 monitoreado desde la Unidad de Control de Tr\u00e1nsito que adem\u00e1s aportar\u00e1 30 millones de pesos para fortalecer su implementaci\u00f3n.<\/p>\n<p>Finalmente, el alcalde inform\u00f3 que tambi\u00e9n se est\u00e1 trabajando en un estudio para la instalaci\u00f3n de nuevos sem\u00e1foros en distintos puntos de la ciudad, con el objetivo de mejorar la seguridad vial y la conectividad urbana.<\/p>\n<p><img loading=\"lazy\" decoding=\"async\" class=\"alignnone size-full wp-image-36812\" src=\"https:\/\/www.muniancud.cl\/portal\/wp-content\/uploads\/2026\/04\/682445053_10243027741132613_2583187369339536442_n.jpg\" alt=\"\" width=\"1600\" height=\"1200\" srcset=\"https:\/\/www.muniancud.cl\/portal\/wp-content\/uploads\/2026\/04\/682445053_10243027741132613_2583187369339536442_n.jpg 1600w, https:\/\/www.muniancud.cl\/portal\/wp-content\/uploads\/2026\/04\/682445053_10243027741132613_2583187369339536442_n-300x225.jpg 300w, https:\/\/www.muniancud.cl\/portal\/wp-content\/uploads\/2026\/04\/682445053_10243027741132613_2583187369339536442_n-1024x768.jpg 1024w, https:\/\/www.muniancud.cl\/portal\/wp-content\/uploads\/2026\/04\/682445053_10243027741132613_2583187369339536442_n-768x576.jpg 768w, https:\/\/www.muniancud.cl\/portal\/wp-content\/uploads\/2026\/04\/682445053_10243027741132613_2583187369339536442_n-1536x1152.jpg 1536w, https:\/\/www.muniancud.cl\/portal\/wp-content\/uploads\/2026\/04\/682445053_10243027741132613_2583187369339536442_n-80x60.jpg 80w, https:\/\/www.muniancud.cl\/portal\/wp-content\/uploads\/2026\/04\/682445053_10243027741132613_2583187369339536442_n-265x198.jpg 265w, https:\/\/www.muniancud.cl\/portal\/wp-content\/uploads\/2026\/04\/682445053_10243027741132613_2583187369339536442_n-696x522.jpg 696w, https:\/\/www.muniancud.cl\/portal\/wp-content\/uploads\/2026\/04\/682445053_10243027741132613_2583187369339536442_n-1068x801.jpg 1068w, https:\/\/www.muniancud.cl\/portal\/wp-content\/uploads\/2026\/04\/682445053_10243027741132613_2583187369339536442_n-560x420.jpg 560w\" sizes=\"auto, (max-width: 1600px) 100vw, 1600px\" \/><\/p>\n","protected":false},"excerpt":{"rendered":"<p>A ra\u00edz del temporal de viento que afecta a la ciudad de Ancud, el alcalde Andr\u00e9s Ojeda realiz\u00f3 una supervisi\u00f3n en terreno del estado del sistema de sem\u00e1foros, constatando importantes da\u00f1os en su infraestructura. La autoridad comunal se\u00f1al\u00f3 que los sem\u00e1foros tienen una antig\u00fcedad de 13 a\u00f1os, lo que los vuelve obsoletos frente a las [&hellip;]<\/p>\n","protected":false},"author":11,"featured_media":36813,"comment_status":"closed","ping_status":"closed","sticky":false,"template":"","format":"standard","meta":{"footnotes":""},"categories":[30,4,29],"tags":[],"class_list":["post-36811","post","type-post","status-publish","format-standard","has-post-thumbnail","hentry","category-operaciones","category-sala-de-prensa","category-secplan"],"_links":{"self":[{"href":"https:\/\/www.muniancud.cl\/portal\/wp-json\/wp\/v2\/posts\/36811","targetHints":{"allow":["GET"]}}],"collection":[{"href":"https:\/\/www.muniancud.cl\/portal\/wp-json\/wp\/v2\/posts"}],"about":[{"href":"https:\/\/www.muniancud.cl\/portal\/wp-json\/wp\/v2\/types\/post"}],"author":[{"embeddable":true,"href":"https:\/\/www.muniancud.cl\/portal\/wp-json\/wp\/v2\/users\/11"}],"replies":[{"embeddable":true,"href":"https:\/\/www.muniancud.cl\/portal\/wp-json\/wp\/v2\/comments?post=36811"}],"version-history":[{"count":1,"href":"https:\/\/www.muniancud.cl\/portal\/wp-json\/wp\/v2\/posts\/36811\/revisions"}],"predecessor-version":[{"id":36814,"href":"https:\/\/www.muniancud.cl\/portal\/wp-json\/wp\/v2\/posts\/36811\/revisions\/36814"}],"wp:featuredmedia":[{"embeddable":true,"href":"https:\/\/www.muniancud.cl\/portal\/wp-json\/wp\/v2\/media\/36813"}],"wp:attachment":[{"href":"https:\/\/www.muniancud.cl\/portal\/wp-json\/wp\/v2\/media?parent=36811"}],"wp:term":[{"taxonomy":"category","embeddable":true,"href":"https:\/\/www.muniancud.cl\/portal\/wp-json\/wp\/v2\/categories?post=36811"},{"taxonomy":"post_tag","embeddable":true,"href":"https:\/\/www.muniancud.cl\/portal\/wp-json\/wp\/v2\/tags?post=36811"}],"curies":[{"name":"wp","href":"https:\/\/api.w.org\/{rel}","templated":true}]}}